{"id":1545,"date":"2013-11-19T23:51:38","date_gmt":"2013-11-19T23:51:38","guid":{"rendered":"http:\/\/www.manifestacom.com\/no-es-pais-para-tontos-la-campana-de-media-markt-con-faltas-de-ortografia\/"},"modified":"2017-05-09T11:48:46","modified_gmt":"2017-05-09T11:48:46","slug":"no-es-pais-para-tontos-la-campana-de-media-markt-con-faltas-de-ortografia","status":"publish","type":"post","link":"https:\/\/www.manifestacom.com\/es\/no-es-pais-para-tontos-la-campana-de-media-markt-con-faltas-de-ortografia\/","title":{"rendered":"\u201cNo es pa\u00eds para tontos\u201d: la campa\u00f1a de Media Markt con faltas de ortograf\u00eda"},"content":{"rendered":"<p>Con el lema \u201cNo es pa\u00eds para tontos\u201d, Media Markt ha puesto en marcha su nueva <a href=\"http:\/\/www.marketingnews.es\/distribucion\/noticia\/1078485028805\/humor-seis-guinoles-protagonistas.1.html\" target=\"_blank\">campa\u00f1a<\/a>, protagonizada por un grupo de amigos, representados con gui\u00f1oles, que viven encima de un establecimiento de la cadena. Los amigos proceden de diferentes partes del estado y comparten piso y aventuras irreverentes en l\u00ednea con la ya caracter\u00edstica l\u00ednea publicitaria de la compa\u00f1\u00eda.<\/p>\n<p>En un intento de generar empat\u00eda con los consumidores de todo el estado, los <a href=\"https:\/\/www.youtube.com\/user\/MediaMarktSpain\" target=\"_blank\">v\u00eddeos <\/a>de la campa\u00f1a cada uno de los personajes habla en castellano con un acento diferente y utilizan algunas palabras y expresiones en la lengua correspondiente. Pero, ay! Escribir es otra historia\u2026 A continuaci\u00f3n os mostramos c\u00f3mo Media Markt ha representado las diferencias ling\u00fc\u00edsticas en los banners de la campa\u00f1a. Juzgad vosotros mismos.<\/p>\n<p><a href=\"http:\/\/www.manifestacom.com\/wp-content\/uploads\/2013\/11\/mediamarkt3.jpg\"><img loading=\"lazy\" decoding=\"async\" class=\"aligncenter size-medium wp-image-2198\" title=\"mediamarkt1\" src=\"http:\/\/www.manifestacom.com\/wp-content\/uploads\/2013\/11\/mediamarkt1-580x148.jpg\" alt=\"\" width=\"580\" height=\"148\" \/><img loading=\"lazy\" decoding=\"async\" class=\"aligncenter size-medium wp-image-2199\" title=\"mediamarkt2\" src=\"http:\/\/www.manifestacom.com\/wp-content\/uploads\/2013\/11\/mediamarkt2-580x150.jpg\" alt=\"\" width=\"580\" height=\"150\" \/><img loading=\"lazy\" decoding=\"async\" class=\"aligncenter size-medium wp-image-2200\" title=\"mediamarkt3\" src=\"http:\/\/www.manifestacom.com\/wp-content\/uploads\/2013\/11\/mediamarkt3-580x149.jpg\" alt=\"\" width=\"580\" height=\"149\" \/><\/a><a href=\"http:\/\/www.manifestacom.com\/wp-content\/uploads\/2013\/11\/mediamarkt4.jpg\"><img loading=\"lazy\" decoding=\"async\" class=\"aligncenter size-medium wp-image-2201\" title=\"mediamarkt4\" src=\"http:\/\/www.manifestacom.com\/wp-content\/uploads\/2013\/11\/mediamarkt4-580x148.jpg\" alt=\"\" width=\"580\" height=\"148\" \/><\/a><a href=\"http:\/\/www.manifestacom.com\/wp-content\/uploads\/2013\/11\/mediamarkt6.jpg\"><img loading=\"lazy\" decoding=\"async\" class=\"aligncenter size-medium wp-image-2202\" title=\"mediamarkt5\" src=\"http:\/\/www.manifestacom.com\/wp-content\/uploads\/2013\/11\/mediamarkt5-580x149.jpg\" alt=\"\" width=\"580\" height=\"149\" \/><img loading=\"lazy\" decoding=\"async\" class=\"aligncenter size-medium wp-image-2203\" title=\"mediamarkt6\" src=\"http:\/\/www.manifestacom.com\/wp-content\/uploads\/2013\/11\/mediamarkt6-580x148.jpg\" alt=\"\" width=\"580\" height=\"148\" \/><\/a><\/p>\n","protected":false},"excerpt":{"rendered":"<p>Con el lema \u201cNo es pa\u00eds para tontos\u201d, Media Markt ha puesto en marcha su nueva campa\u00f1a, protagonizada por un grupo de amigos, representados con gui\u00f1oles, que viven encima de un establecimiento de la cadena. Los amigos proceden de diferentes partes del estado y comparten&#8230;<\/p>\n","protected":false},"author":1,"featured_media":1325,"comment_status":"open","ping_status":"open","sticky":false,"template":"","format":"standard","meta":{"footnotes":""},"categories":[422],"tags":[416,417,220,135],"home_featured":[],"class_list":["post-1545","post","type-post","status-publish","format-standard","has-post-thumbnail","hentry","category-la-noticia-y-el-comentario","tag-media-markt","tag-ortografia","tag-llengua","tag-publicitat"],"acf":[],"_links":{"self":[{"href":"https:\/\/www.manifestacom.com\/es\/wp-json\/wp\/v2\/posts\/1545","targetHints":{"allow":["GET"]}}],"collection":[{"href":"https:\/\/www.manifestacom.com\/es\/wp-json\/wp\/v2\/posts"}],"about":[{"href":"https:\/\/www.manifestacom.com\/es\/wp-json\/wp\/v2\/types\/post"}],"author":[{"embeddable":true,"href":"https:\/\/www.manifestacom.com\/es\/wp-json\/wp\/v2\/users\/1"}],"replies":[{"embeddable":true,"href":"https:\/\/www.manifestacom.com\/es\/wp-json\/wp\/v2\/comments?post=1545"}],"version-history":[{"count":1,"href":"https:\/\/www.manifestacom.com\/es\/wp-json\/wp\/v2\/posts\/1545\/revisions"}],"predecessor-version":[{"id":1780,"href":"https:\/\/www.manifestacom.com\/es\/wp-json\/wp\/v2\/posts\/1545\/revisions\/1780"}],"wp:featuredmedia":[{"embeddable":true,"href":"https:\/\/www.manifestacom.com\/es\/wp-json\/wp\/v2\/media\/1325"}],"wp:attachment":[{"href":"https:\/\/www.manifestacom.com\/es\/wp-json\/wp\/v2\/media?parent=1545"}],"wp:term":[{"taxonomy":"category","embeddable":true,"href":"https:\/\/www.manifestacom.com\/es\/wp-json\/wp\/v2\/categories?post=1545"},{"taxonomy":"post_tag","embeddable":true,"href":"https:\/\/www.manifestacom.com\/es\/wp-json\/wp\/v2\/tags?post=1545"},{"taxonomy":"home_featured","embeddable":true,"href":"https:\/\/www.manifestacom.com\/es\/wp-json\/wp\/v2\/home_featured?post=1545"}],"curies":[{"name":"wp","href":"https:\/\/api.w.org\/{rel}","templated":true}]}}