{"id":1823,"date":"2015-06-22T14:32:00","date_gmt":"2015-06-22T14:32:00","guid":{"rendered":"http:\/\/www.manifestacom.com\/la-bella-rebelde-el-cable-eulalink-connectara-europa-i-america-llatina-saltant-se-els-eua\/"},"modified":"2017-05-10T13:40:49","modified_gmt":"2017-05-10T13:40:49","slug":"la-bella-rebelde-el-cable-eulalink-conectara-europa-y-america-latina-saltandose-a-estados-unidos","status":"publish","type":"post","link":"https:\/\/www.manifestacom.com\/es\/la-bella-rebelde-el-cable-eulalink-conectara-europa-y-america-latina-saltandose-a-estados-unidos\/","title":{"rendered":"La BELLA rebelde, el cable EulaLink conectar\u00e1 Europa y Am\u00e9rica Latina salt\u00e1ndose a Estados Unidos"},"content":{"rendered":"<div id=\"attachment_2861\" class=\"wp-caption aligncenter\" style=\"width: 358px;\">\n<p><a href=\"http:\/\/www.manifestacom.com\/wp-content\/uploads\/2015\/06\/eulalink.png\"><img loading=\"lazy\" decoding=\"async\" class=\" wp-image-2861\" title=\"eulalink\" src=\"http:\/\/www.manifestacom.com\/wp-content\/uploads\/2015\/06\/eulalink-580x533.png\" alt=\"\" width=\"348\" height=\"320\" \/><\/a><\/p>\n<p class=\"wp-caption-text\">Mapa del cable Eulalink. CC BY-SA 3.0 Por cvdr<\/p>\n<\/div>\n<p>La semana pasada, la Uni\u00f3n Europea <a href=\"http:\/\/www.eldiario.es\/turing\/vigilancia_y_privacidad\/BELLA-conectara-Latinoamerica-Europa-Unidos_0_398610529.html\" target=\"_blank\">anunci\u00f3 <\/a>finalmente que destinar\u00e1 25 millones de euros al despliegue de la red BELLA (Building Europe Link to Latin America), un proyecto para instalar un cable de Internet que conecte Europa directamente con Am\u00e9rica Latina , sin pasar por los Estados Unidos, como el 90% de las comunicaciones actuales entre ambos continentes.<\/p>\n<p>En concreto, el cable, llamado EulaLink, conectar\u00e1 Lisboa (Portugal) con Fortaleza (Brasil), y a trav\u00e9s de estos puntos, el resto de pa\u00edses europeos y latinoamericanos. No es ninguna broma de infraestructura: 5.800 kil\u00f3metros de cable de fibra \u00f3ptica que cruzar\u00e1 el Oc\u00e9ano Atl\u00e1ntico (con tres paradas, una de ellas en Gran Canaria) para garantizar la independencia tecnol\u00f3gica de EEUU. A la financiaci\u00f3n de la UE se sumar\u00e1 tambi\u00e9n la del gobierno de Brasil y la de las empresas encargadas de ejecutar el proyecto: la antigua operadora p\u00fablica brasile\u00f1a Telebras y la operadora de cable espa\u00f1ola IslaLink.<\/p>\n<p>El anuncio del proyecto, que comenzar\u00e1 este 2015 y se espera que finalice en 2017, llega justo dos a\u00f1os despu\u00e9s de que las filtraciones de Edward Snowden destaparan el esc\u00e1ndalo del espionaje masivo de la NSA, la agencia de seguridad norteamericana. La BELLA es la respuesta de la UE al programa de espionaje PRISM de la NSA.<\/p>\n<p>La UE no es la \u00fanica que ha reaccionado para tratar de proteger los datos que salen de su territorio. En estos dos a\u00f1os, empresas del sector privado como Google, se han puesto las pilas bien para mejorar la seguridad de sus sistemas, bien para ofrecer servicios que garantizan la privacidad de los usuarios. Y para muestra, un bot\u00f3n: <a href=\"https:\/\/duckduckgo.com\/\" target=\"_blank\">DuckDuckGo<\/a>, un motor de b\u00fasqueda alternativo a Google que no registra datos de los usuarios, ha crecido un 600% en los \u00faltimos dos a\u00f1os.<\/p>\n<p>Las pr\u00e1cticas de espionaje masivo que Snowden puso en evidencia tambi\u00e9n han tenido un impacto sobre el mundo acad\u00e9mico y activista. Por ejemplo, la investigadora y activista en temas de derechos civiles en Internet Rebecca MacKinnon acaba de anunciar que el pr\u00f3ximo noviembre se publicar\u00e1 el <a href=\"https:\/\/rankingdigitalrights.org\/2015\/06\/11\/2015cai\/\" target=\"_blank\">2015 Corporate Accountability Index<\/a>, el primer ranking global que eval\u00faa las empresas de Internet y de telecomunicaciones seg\u00fan sus pol\u00edticas de respeto a la privacidad y la libertad de expresi\u00f3n.<\/p>\n<p>Al final, como con todo, el conocimiento y preocupaci\u00f3n de la opini\u00f3n p\u00fablica sobre estas cuestiones ser\u00e1 el que presionar\u00e1 a gobiernos y empresas para que desarrollen pol\u00edticas en l\u00ednea con los intereses de los ciudadanos y usuarios.<\/p>\n","protected":false},"excerpt":{"rendered":"<p>Mapa del cable Eulalink. CC BY-SA 3.0 Por cvdr La semana pasada, la Uni\u00f3n Europea anunci\u00f3 finalmente que destinar\u00e1 25 millones de euros al despliegue de la red BELLA (Building Europe Link to Latin America), un proyecto para instalar un cable de Internet que conecte&#8230;<\/p>\n","protected":false},"author":1,"featured_media":1075,"comment_status":"open","ping_status":"open","sticky":false,"template":"","format":"standard","meta":{"footnotes":""},"categories":[421],"tags":[432,433,438,434,435,436,437],"home_featured":[],"class_list":["post-1823","post","type-post","status-publish","format-standard","has-post-thumbnail","hentry","category-el-post-es","tag-america-llatina-es","tag-edward-snowden-es","tag-comunicacio-digital-es","tag-eulalink-es","tag-nsa-es","tag-telecomunicacions-es","tag-internet-es"],"acf":[],"_links":{"self":[{"href":"https:\/\/www.manifestacom.com\/es\/wp-json\/wp\/v2\/posts\/1823","targetHints":{"allow":["GET"]}}],"collection":[{"href":"https:\/\/www.manifestacom.com\/es\/wp-json\/wp\/v2\/posts"}],"about":[{"href":"https:\/\/www.manifestacom.com\/es\/wp-json\/wp\/v2\/types\/post"}],"author":[{"embeddable":true,"href":"https:\/\/www.manifestacom.com\/es\/wp-json\/wp\/v2\/users\/1"}],"replies":[{"embeddable":true,"href":"https:\/\/www.manifestacom.com\/es\/wp-json\/wp\/v2\/comments?post=1823"}],"version-history":[{"count":1,"href":"https:\/\/www.manifestacom.com\/es\/wp-json\/wp\/v2\/posts\/1823\/revisions"}],"predecessor-version":[{"id":1825,"href":"https:\/\/www.manifestacom.com\/es\/wp-json\/wp\/v2\/posts\/1823\/revisions\/1825"}],"wp:featuredmedia":[{"embeddable":true,"href":"https:\/\/www.manifestacom.com\/es\/wp-json\/wp\/v2\/media\/1075"}],"wp:attachment":[{"href":"https:\/\/www.manifestacom.com\/es\/wp-json\/wp\/v2\/media?parent=1823"}],"wp:term":[{"taxonomy":"category","embeddable":true,"href":"https:\/\/www.manifestacom.com\/es\/wp-json\/wp\/v2\/categories?post=1823"},{"taxonomy":"post_tag","embeddable":true,"href":"https:\/\/www.manifestacom.com\/es\/wp-json\/wp\/v2\/tags?post=1823"},{"taxonomy":"home_featured","embeddable":true,"href":"https:\/\/www.manifestacom.com\/es\/wp-json\/wp\/v2\/home_featured?post=1823"}],"curies":[{"name":"wp","href":"https:\/\/api.w.org\/{rel}","templated":true}]}}