{"id":1993,"date":"2017-04-20T16:07:41","date_gmt":"2017-04-20T16:07:41","guid":{"rendered":"http:\/\/www.manifestacom.com\/?p=1993\/"},"modified":"2017-05-30T16:09:19","modified_gmt":"2017-05-30T16:09:19","slug":"tecnologia-a-favor-de-los-sordos","status":"publish","type":"post","link":"https:\/\/www.manifestacom.com\/es\/tecnologia-a-favor-de-los-sordos\/","title":{"rendered":"Tecnolog\u00eda a favor de los sordos"},"content":{"rendered":"<p>No son pocas las reservas que han provocado las nuevas tecnolog\u00edas desarrolladas en torno al tel\u00e9fonos inteligentes. Cuando vemos un grupo de j\u00f3venes sentados en la mesa en un caf\u00e9, en silencio y hechizados por sus peque\u00f1as pantallas, no son pocos los que se preguntan: \u00bfhasta qu\u00e9 punto nos estamos desconectando en esta llamada era de la conectividad?<\/p>\n<p>Las nuevas v\u00edas de comunicaci\u00f3n instant\u00e1neas y gratuitas quiz\u00e1 han hecho enmudecer una parte de la poblaci\u00f3n, pero hay otra a la que m\u00e1s de una de las nuevas tendencias del mercado ha beneficiado significativamente. Son las personas con discapacidad auditiva, a quien las nuevas tecnolog\u00edas de la comunicaci\u00f3n han hecho un gran favor.<\/p>\n<p>Antes del auge de Internet, para poder conversar en lengua de signos las personas sordas acud\u00edan a las asociaciones, eje de su vida social, o lo hac\u00edan con la familia y los amigos m\u00e1s cercanos que pod\u00edan firmar. Si quer\u00edan comunicarse con otra persona sorda sin intermediarios, la \u00fanica soluci\u00f3n era cara a cara, por fax o por carta. La era de la telefon\u00eda tradicional no les hizo un gran servicio.<\/p>\n<p><strong>Instant\u00e1nea y visual<\/strong><\/p>\n<p>La llegada de Internet y la popularizaci\u00f3n de las diversas aplicaciones de mensajer\u00eda instant\u00e1nea lo cambi\u00f3 todo. Tanto los mensajes escritos como la posibilidad de enviar fotograf\u00edas y especialmente v\u00eddeos, al instante ha abierto todo un mundo de posibilidades de comunicaci\u00f3n virtual que no requieren ni comunicaci\u00f3n oral ni intermediarios.<\/p>\n<p>Otras tendencias generalizadas, como el acceso a pel\u00edculas en l\u00ednea con subt\u00edtulos o el uso de recursos educativos visuales e interactivos facilitados por las nuevas tecnolog\u00edas, tambi\u00e9n les ha beneficiado enormemente y ha contribuido a su integraci\u00f3n y relaci\u00f3n con las personas hablantes.<\/p>\n<p>Quiz\u00e1s ha sido accidental, pero para los 360 millones de personas que, seg\u00fan datos de la OMS, tienen deficiencias auditivas en todo el mundo, las redes sociales han supuesto una oportunidad de conexi\u00f3n sin precedentes, tanto entre personas sordas como con los oyentes. En un grupo de Whatsapp, por ejemplo, dif\u00edcilmente se ve la diferencia. Tanto las palabras escritas como los emoticonos significan lo mismo para todos.<\/p>\n","protected":false},"excerpt":{"rendered":"<p>No son pocas las reservas que han provocado las nuevas tecnolog\u00edas desarrolladas en torno al tel\u00e9fonos inteligentes. Cuando vemos un grupo de j\u00f3venes sentados en la mesa en un caf\u00e9, en silencio y hechizados por sus peque\u00f1as pantallas, no son pocos los que se preguntan:&#8230;<\/p>\n","protected":false},"author":1,"featured_media":1994,"comment_status":"open","ping_status":"open","sticky":false,"template":"","format":"standard","meta":{"footnotes":""},"categories":[421],"tags":[],"home_featured":[],"class_list":["post-1993","post","type-post","status-publish","format-standard","has-post-thumbnail","hentry","category-el-post-es"],"acf":[],"_links":{"self":[{"href":"https:\/\/www.manifestacom.com\/es\/wp-json\/wp\/v2\/posts\/1993","targetHints":{"allow":["GET"]}}],"collection":[{"href":"https:\/\/www.manifestacom.com\/es\/wp-json\/wp\/v2\/posts"}],"about":[{"href":"https:\/\/www.manifestacom.com\/es\/wp-json\/wp\/v2\/types\/post"}],"author":[{"embeddable":true,"href":"https:\/\/www.manifestacom.com\/es\/wp-json\/wp\/v2\/users\/1"}],"replies":[{"embeddable":true,"href":"https:\/\/www.manifestacom.com\/es\/wp-json\/wp\/v2\/comments?post=1993"}],"version-history":[{"count":2,"href":"https:\/\/www.manifestacom.com\/es\/wp-json\/wp\/v2\/posts\/1993\/revisions"}],"predecessor-version":[{"id":1998,"href":"https:\/\/www.manifestacom.com\/es\/wp-json\/wp\/v2\/posts\/1993\/revisions\/1998"}],"wp:featuredmedia":[{"embeddable":true,"href":"https:\/\/www.manifestacom.com\/es\/wp-json\/wp\/v2\/media\/1994"}],"wp:attachment":[{"href":"https:\/\/www.manifestacom.com\/es\/wp-json\/wp\/v2\/media?parent=1993"}],"wp:term":[{"taxonomy":"category","embeddable":true,"href":"https:\/\/www.manifestacom.com\/es\/wp-json\/wp\/v2\/categories?post=1993"},{"taxonomy":"post_tag","embeddable":true,"href":"https:\/\/www.manifestacom.com\/es\/wp-json\/wp\/v2\/tags?post=1993"},{"taxonomy":"home_featured","embeddable":true,"href":"https:\/\/www.manifestacom.com\/es\/wp-json\/wp\/v2\/home_featured?post=1993"}],"curies":[{"name":"wp","href":"https:\/\/api.w.org\/{rel}","templated":true}]}}