{"id":2003,"date":"2017-05-01T16:10:34","date_gmt":"2017-05-01T16:10:34","guid":{"rendered":"http:\/\/www.manifestacom.com\/sean-spicer-la-creu-la-cara-mediatica-trump\/"},"modified":"2017-05-30T16:11:47","modified_gmt":"2017-05-30T16:11:47","slug":"sean-spicer-la-cruz-de-ser-la-cara-mediatica-de-trump","status":"publish","type":"post","link":"https:\/\/www.manifestacom.com\/es\/sean-spicer-la-cruz-de-ser-la-cara-mediatica-de-trump\/","title":{"rendered":"Sean Spicer: la cruz de ser la cara medi\u00e1tica de Trump"},"content":{"rendered":"<p>Tres meses despu\u00e9s de que Donald Trump accediera a la presidencia de Estados Unidos, otro nombre se ha dado a conocer a la opini\u00f3n p\u00fablica mundial. Es Sean Spicer, el secretario de prensa de la Casa Blanca, cuyo trabajo es explicar y defender las posiciones, declaraciones y salidas de tono, tanto en la tarima como las redes sociales, de uno de los Presidentes norteamericanos m\u00e1s pol\u00e9micos de todos los tiempos.<\/p>\n<p>Su tarea no es nada f\u00e1cil, especialmente teniendo en cuenta la <a href=\"https:\/\/www.theguardian.com\/us-news\/2017\/jan\/22\/sean-spicer-trump-press-secretary-loud-brash-pugnacious-period\" target=\"_blank\">guerra declarada<\/a> con los medios de comunicaci\u00f3n de su pa\u00eds, hartos desde hace meses de los ataques del Presidente. En pleno fuego cruzado, Spicer, que saca ventaja de sus anchas espaldas, se encara cada d\u00eda a los periodistas airados, y se saca de la manga una frase m\u00e1gica para justificar alguno de los tuits incendiarios de Trump, y aplazar un d\u00eda m\u00e1s la ira de los medios.<\/p>\n<p><strong>La voz crispada de Am\u00e9rica<\/strong><\/p>\n<p>La batalla de Trump es la suya propia, y ya lo dej\u00f3 bien claro apenas estrenado el cargo a finales de enero durante su <a href=\"https:\/\/www.theguardian.com\/us-news\/2017\/apr\/30\/donald-trump-100-days-press-briefings-spicer\" target=\"_blank\">primera rueda de prensa<\/a>. En un tono claramente enfadado, acus\u00f3 a los medios de falsear los datos de asistencia al acto de investidura, y declar\u00f3 que \u00e9ste hab\u00eda contado con \u201cla mayor asistencia jam\u00e1s vista en una investidura. Y punto \u00bb. Punto y final. No hubo espacio para preguntas y nadie pudo hacerle frente, o contrastar datos.<\/p>\n<p>Algunos pensaron que, tras su torpe estreno, cuando comparec\u00eda en permanente tensi\u00f3n y con la voz crispada, lo cesar\u00edan. A nadie se le escapaba tampoco que este director de comunicaci\u00f3n, bien conocido en los c\u00edrculos del Comit\u00e9 Nacional Republicano desde los a\u00f1os 90, no era exactamente un hombre de confianza de Trump.<\/p>\n<p><strong>El salto a la fama<\/strong><\/p>\n<p>Pero Spicer sobrevivi\u00f3, a pesar saltar a la fama con la popular <a href=\"http:\/\/time.com\/4669781\/saturday-night-live-sean-spicer-melissa-mccarthy-supercut\/\" target=\"_blank\">imitaci\u00f3n par\u00f3dica<\/a> de la actriz Melissa McCarty, conocida por sus caricaturas de personalidades que est\u00e1n siempre enfadadas, en el programa de televisi\u00f3n <em>Saturday Night Live<\/em>.<\/p>\n<p>La guerra abierta entre gobierno y periodistas ha sido la t\u00f3nica de los primeros meses del mandato de Trump, y ha puesto a Spicer en el centro de atenci\u00f3n pol\u00edtica y medi\u00e1tica. Como muestra un bot\u00f3n: se calcula que unos 4,3 millones de espectadores siguen las retransmisiones en directo de las <a href=\"https:\/\/www.theguardian.com\/us-news\/2017\/apr\/02\/sean-spicer-donald-trump-press-secretary-briefings\" target=\"_blank\">ruedas de prensa diarias<\/a> del portavoz.<\/p>\n<p>Y por si no fuera suficiente, Spicer ha a\u00f1adido al espect\u00e1culo sus propios resbalones, que no tienen nada que envidiar a los de Trump. La \u00faltima probablemente ha dado la vuelta al mundo en un tiempo r\u00e9cord. En medio de la escalada de cr\u00edticas al presidente de Siria Bachar El Asad por su ataque con gas sar\u00edn contra la poblaci\u00f3n siria el pasado 4 de abril (que el gobierno de Trump utiliz\u00f3 para justificar el bombardeo de su ej\u00e9rcito a una base a\u00e9rea siria), Spicer sali\u00f3 a decir que El Asad era incluso peor que Hitler, quien \u00abno se rebaj\u00f3 nunca a utilizar armas qu\u00edmicas\u00bb contra su propia poblaci\u00f3n, aparentemente olvidando las c\u00e1maras de gas del Holocausto donde murieron millones de jud\u00edos alemanes.<\/p>\n<p>Como es habitual en estos casos, los esfuerzos del secretario de prensa para explicar sus palabras y las m\u00faltiples declaraciones pol\u00e9micas del Presidente, dif\u00edcilmente servir\u00e1n para borrarlas de la memoria colectiva. Cu\u00e1l ser\u00e1 el resultado de este t\u00e1ndem medi\u00e1tico est\u00e1 todav\u00eda por ver, pero es muy probable que m\u00e1s de una de sus salidas de tono pasen a la historia de los resbalones m\u00e1s memorables de la comunicaci\u00f3n pol\u00edtica mundial.<\/p>\n","protected":false},"excerpt":{"rendered":"<p>Tres meses despu\u00e9s de que Donald Trump accediera a la presidencia de Estados Unidos, otro nombre se ha dado a conocer a la opini\u00f3n p\u00fablica mundial. Es Sean Spicer, el secretario de prensa de la Casa Blanca, cuyo trabajo es explicar y defender las posiciones,&#8230;<\/p>\n","protected":false},"author":1,"featured_media":2001,"comment_status":"open","ping_status":"open","sticky":false,"template":"","format":"standard","meta":{"footnotes":""},"categories":[421],"tags":[],"home_featured":[],"class_list":["post-2003","post","type-post","status-publish","format-standard","has-post-thumbnail","hentry","category-el-post-es"],"acf":[],"_links":{"self":[{"href":"https:\/\/www.manifestacom.com\/es\/wp-json\/wp\/v2\/posts\/2003","targetHints":{"allow":["GET"]}}],"collection":[{"href":"https:\/\/www.manifestacom.com\/es\/wp-json\/wp\/v2\/posts"}],"about":[{"href":"https:\/\/www.manifestacom.com\/es\/wp-json\/wp\/v2\/types\/post"}],"author":[{"embeddable":true,"href":"https:\/\/www.manifestacom.com\/es\/wp-json\/wp\/v2\/users\/1"}],"replies":[{"embeddable":true,"href":"https:\/\/www.manifestacom.com\/es\/wp-json\/wp\/v2\/comments?post=2003"}],"version-history":[{"count":1,"href":"https:\/\/www.manifestacom.com\/es\/wp-json\/wp\/v2\/posts\/2003\/revisions"}],"predecessor-version":[{"id":2004,"href":"https:\/\/www.manifestacom.com\/es\/wp-json\/wp\/v2\/posts\/2003\/revisions\/2004"}],"wp:featuredmedia":[{"embeddable":true,"href":"https:\/\/www.manifestacom.com\/es\/wp-json\/wp\/v2\/media\/2001"}],"wp:attachment":[{"href":"https:\/\/www.manifestacom.com\/es\/wp-json\/wp\/v2\/media?parent=2003"}],"wp:term":[{"taxonomy":"category","embeddable":true,"href":"https:\/\/www.manifestacom.com\/es\/wp-json\/wp\/v2\/categories?post=2003"},{"taxonomy":"post_tag","embeddable":true,"href":"https:\/\/www.manifestacom.com\/es\/wp-json\/wp\/v2\/tags?post=2003"},{"taxonomy":"home_featured","embeddable":true,"href":"https:\/\/www.manifestacom.com\/es\/wp-json\/wp\/v2\/home_featured?post=2003"}],"curies":[{"name":"wp","href":"https:\/\/api.w.org\/{rel}","templated":true}]}}