{"id":2009,"date":"2017-05-10T16:12:56","date_gmt":"2017-05-10T16:12:56","guid":{"rendered":"http:\/\/www.manifestacom.com\/automocio-salo-als-cotxes-intel%c2%b7ligents\/"},"modified":"2017-06-14T20:14:53","modified_gmt":"2017-06-14T20:14:53","slug":"automocion-el-salon-se-abre-a-los-coches-inteligentes","status":"publish","type":"post","link":"https:\/\/www.manifestacom.com\/es\/automocion-el-salon-se-abre-a-los-coches-inteligentes\/","title":{"rendered":"Automoci\u00f3n: el Sal\u00f3n se abre a los coches inteligentes"},"content":{"rendered":"<p>Un a\u00f1o m\u00e1s llega a la ciudad el <a href=\"http:\/\/www.automobilebarcelona.com\/\" target=\"_blank\">Automobile Barcelona<\/a>, antes conocido como el Sal\u00f3n Internacional del Autom\u00f3vil de Barcelona. Pero la de este a\u00f1o no ser\u00e1 simplemente una edici\u00f3n m\u00e1s que sume a las d\u00e9cadas de experiencia.<\/p>\n<p>Llegan nuevos tiempos para la industria, y el Sal\u00f3n se hace eco. Este a\u00f1o, junto con las marcas de la industria tradicional del autom\u00f3vil, tienen cita tambi\u00e9n compa\u00f1\u00edas relacionadas con las nuevas tecnolog\u00edas de la comunicaci\u00f3n como Facebook, Microsoft, Google, Orange \u2026 El futuro es un mundo de alianzas sectoriales, que veremos reflejadas en Connected Hub.<\/p>\n<p>El nuevo espacio acoger\u00e1 108 ponentes de todo el mundo e incluir\u00e1 el llamado Connected Street, una pasarela tecnol\u00f3gica para mostrar al visitante la transformaci\u00f3n digital que est\u00e1 cambiando la industria de arriba a abajo.<\/p>\n","protected":false},"excerpt":{"rendered":"<p>Un a\u00f1o m\u00e1s llega a la ciudad el Automobile Barcelona, antes conocido como el Sal\u00f3n Internacional del Autom\u00f3vil de Barcelona. Pero la de este a\u00f1o no ser\u00e1 simplemente una edici\u00f3n m\u00e1s que sume a las d\u00e9cadas de experiencia. Llegan nuevos tiempos para la industria, y&#8230;<\/p>\n","protected":false},"author":1,"featured_media":2007,"comment_status":"open","ping_status":"open","sticky":false,"template":"","format":"standard","meta":{"footnotes":""},"categories":[446,421],"tags":[],"home_featured":[],"class_list":["post-2009","post","type-post","status-publish","format-standard","has-post-thumbnail","hentry","category-la-noticia-i-el-comentari-es","category-el-post-es"],"acf":[],"_links":{"self":[{"href":"https:\/\/www.manifestacom.com\/es\/wp-json\/wp\/v2\/posts\/2009","targetHints":{"allow":["GET"]}}],"collection":[{"href":"https:\/\/www.manifestacom.com\/es\/wp-json\/wp\/v2\/posts"}],"about":[{"href":"https:\/\/www.manifestacom.com\/es\/wp-json\/wp\/v2\/types\/post"}],"author":[{"embeddable":true,"href":"https:\/\/www.manifestacom.com\/es\/wp-json\/wp\/v2\/users\/1"}],"replies":[{"embeddable":true,"href":"https:\/\/www.manifestacom.com\/es\/wp-json\/wp\/v2\/comments?post=2009"}],"version-history":[{"count":1,"href":"https:\/\/www.manifestacom.com\/es\/wp-json\/wp\/v2\/posts\/2009\/revisions"}],"predecessor-version":[{"id":2011,"href":"https:\/\/www.manifestacom.com\/es\/wp-json\/wp\/v2\/posts\/2009\/revisions\/2011"}],"wp:featuredmedia":[{"embeddable":true,"href":"https:\/\/www.manifestacom.com\/es\/wp-json\/wp\/v2\/media\/2007"}],"wp:attachment":[{"href":"https:\/\/www.manifestacom.com\/es\/wp-json\/wp\/v2\/media?parent=2009"}],"wp:term":[{"taxonomy":"category","embeddable":true,"href":"https:\/\/www.manifestacom.com\/es\/wp-json\/wp\/v2\/categories?post=2009"},{"taxonomy":"post_tag","embeddable":true,"href":"https:\/\/www.manifestacom.com\/es\/wp-json\/wp\/v2\/tags?post=2009"},{"taxonomy":"home_featured","embeddable":true,"href":"https:\/\/www.manifestacom.com\/es\/wp-json\/wp\/v2\/home_featured?post=2009"}],"curies":[{"name":"wp","href":"https:\/\/api.w.org\/{rel}","templated":true}]}}