{"id":2034,"date":"2017-06-19T12:10:48","date_gmt":"2017-06-19T12:10:48","guid":{"rendered":"http:\/\/www.manifestacom.com\/?p=2034\/"},"modified":"2017-06-19T12:10:48","modified_gmt":"2017-06-19T12:10:48","slug":"maravillas-rojo-nova-presidenta-dabacus-cooperativa","status":"publish","type":"post","link":"https:\/\/www.manifestacom.com\/es\/maravillas-rojo-nova-presidenta-dabacus-cooperativa\/","title":{"rendered":"Maravillas Rojo, nueva presidenta de Abacus cooperativa"},"content":{"rendered":"<p><strong>Abacus cooperativa mejora sus resultados en un 3,85% en 2016<\/strong><\/p>\n<p>Abacus cooperativa<a href=\"http:\/\/www.elperiodico.com\/es\/noticias\/economia\/abacus-factura-897-millones-mas-elige-presidenta-maravillas-rojo-6063216\"> ha incrementado sus ventas <\/a>en un 3,85% hasta alcanzar los 89,67 millones de euros. El resultado de la cooperativa ha sido de 566.000 euros, un 36% por encima de las previsiones anuales. Cabe destacar que unos 433.000 socios y socias de consumo de los 855.254 con que cerr\u00f3 el a\u00f1o de la cooperativa han comprado al menos en una ocasi\u00f3n en los establecimientos Abacus o v\u00eda online, lo que ha supuesto 5,17 millones de euros de retorno cooperativo para ellos. Abacus ha emitido 3,89 millones de tickets de compra a lo largo de 2016.<\/p>\n<p>El director general de Abacus cooperativa, Miguel \u00c1ngel Oliva, ha destacado que \u00ablos resultados son muy positivos y amparan la voluntad transformadora de Abacus y los miembros de la comunidad de consumidores y trabajadores que formamos parte\u00bb. Tal como se\u00f1ala Oliva, \u00abla puesta en marcha el pasado 2016 de un concurso de proyectos de econom\u00eda colaborativa, para implementar en nuestra comunidad, no es m\u00e1s que el reflejo de esta orientaci\u00f3n hacia el cooperativismo colaborativo, m\u00e1s participativo y abierto, donde Abacus quiere facilitar las herramientas que permitan a todos los que formamos parte de consumir, cooperar y producir, de forma responsable y sostenible \u00ab.<\/p>\n<p><strong>La <a href=\"http:\/\/www.manifestacom.com\/es\/projects\/abacus\/\">cooperativa<\/a> aprueba la incorporaci\u00f3n de socios y socias de trabajo temporal<\/strong><\/p>\n<p>Abacus ha decidido ampliar la comunidad de socios y socias de trabajo con la incorporaci\u00f3n de la figura del socio de trabajo temporal. Esta decisi\u00f3n, pionera en el mundo del cooperativismo, responde a la voluntad de alinear la organizaci\u00f3n a los retos de transformaci\u00f3n, as\u00ed como para mantener el equilibrio de la estructura de las personas trabajadoras garantizando la viabilidad del proyecto. En junio, m\u00e1s de 110 personas se incorporar\u00e1n como socios de trabajo temporales con los mismos derechos y obligaciones que los socios de trabajo comunes.<\/p>\n<p><strong><a href=\"http:\/\/www.lavanguardia.com\/economia\/20170605\/423198705745\/abacus.html\">Maravillas Rojo, nueva presidenta de Abacus<\/a>, liderar\u00e1 la estrategia de transformaci\u00f3n del cooperativa<\/strong><\/p>\n<p>Maravillas Rojo, hasta ahora vicepresidenta de Abacus, ha sido elegida por la Asamblea General como presidenta de la cooperativa, en sustituci\u00f3n de Miquel Cabr\u00e9, que continuar\u00e1 como vocal del Consejo Rector.<\/p>\n<p>Maravillas Rojo es licenciada en Ciencias Pol\u00edticas, Econ\u00f3micas y Comerciales y Senior Executive (Programa de DG) por ESADE. Ha sido directora del INEM de la provincia de Barcelona, \u200b\u200bteniente de alcalde y concejala del Ayuntamiento de Barcelona y presidenta de Barcelona Activa. Fue Secretaria General de Empleo del Ministerio de Trabajo e Inmigraci\u00f3n y es Secretaria General del CIDEU (Centro Iberoamericano de Desarrollo Estrat\u00e9gico Urbano).<\/p>\n<p>Su trayectoria profesional y personal ha estado estrechamente vinculada al movimiento cooperativo desde los a\u00f1os setenta. Ha dirigido los programas \u00abARACOOP\u00bb y \u00ab@emprensocial\u00bb de la Generalidad de Catalu\u00f1a.<\/p>\n<p>Como presidenta de Abacus liderar\u00e1 el proceso de transformaci\u00f3n de la cooperativa como comunidad ciudadana que integra socios de consumo y de trabajo que promueve el consumo cultural educativo y de ocio de manera responsable colaborativa y sostenible En este sentido impulsar\u00e1 iniciativas dirigidas a potenciar el talento y las capacidades de los socios y socias para desarrollar iniciativas de econom\u00eda colaborativa y consolidar el papel de Abacus como referente de la econom\u00eda social, a fin de promover el empoderamiento de los ciudadanos consumidores, al amparo de los cambios sociales y tecnol\u00f3gicos.<\/p>\n","protected":false},"excerpt":{"rendered":"<p>Abacus cooperativa mejora sus resultados en un 3,85% en 2016 Abacus cooperativa ha incrementado sus ventas en un 3,85% hasta alcanzar los 89,67 millones de euros. El resultado de la cooperativa ha sido de 566.000 euros, un 36% por encima de las previsiones anuales. Cabe&#8230;<\/p>\n","protected":false},"author":1,"featured_media":2031,"comment_status":"open","ping_status":"open","sticky":false,"template":"","format":"standard","meta":{"footnotes":""},"categories":[423],"tags":[],"home_featured":[],"class_list":["post-2034","post","type-post","status-publish","format-standard","has-post-thumbnail","hentry","category-nuestros-clientes"],"acf":[],"_links":{"self":[{"href":"https:\/\/www.manifestacom.com\/es\/wp-json\/wp\/v2\/posts\/2034","targetHints":{"allow":["GET"]}}],"collection":[{"href":"https:\/\/www.manifestacom.com\/es\/wp-json\/wp\/v2\/posts"}],"about":[{"href":"https:\/\/www.manifestacom.com\/es\/wp-json\/wp\/v2\/types\/post"}],"author":[{"embeddable":true,"href":"https:\/\/www.manifestacom.com\/es\/wp-json\/wp\/v2\/users\/1"}],"replies":[{"embeddable":true,"href":"https:\/\/www.manifestacom.com\/es\/wp-json\/wp\/v2\/comments?post=2034"}],"version-history":[{"count":1,"href":"https:\/\/www.manifestacom.com\/es\/wp-json\/wp\/v2\/posts\/2034\/revisions"}],"predecessor-version":[{"id":2035,"href":"https:\/\/www.manifestacom.com\/es\/wp-json\/wp\/v2\/posts\/2034\/revisions\/2035"}],"wp:featuredmedia":[{"embeddable":true,"href":"https:\/\/www.manifestacom.com\/es\/wp-json\/wp\/v2\/media\/2031"}],"wp:attachment":[{"href":"https:\/\/www.manifestacom.com\/es\/wp-json\/wp\/v2\/media?parent=2034"}],"wp:term":[{"taxonomy":"category","embeddable":true,"href":"https:\/\/www.manifestacom.com\/es\/wp-json\/wp\/v2\/categories?post=2034"},{"taxonomy":"post_tag","embeddable":true,"href":"https:\/\/www.manifestacom.com\/es\/wp-json\/wp\/v2\/tags?post=2034"},{"taxonomy":"home_featured","embeddable":true,"href":"https:\/\/www.manifestacom.com\/es\/wp-json\/wp\/v2\/home_featured?post=2034"}],"curies":[{"name":"wp","href":"https:\/\/api.w.org\/{rel}","templated":true}]}}