{"id":2105,"date":"2017-08-20T09:38:48","date_gmt":"2017-08-20T09:38:48","guid":{"rendered":"http:\/\/www.manifestacom.com\/vacances-mobil-ansietats-hem-construit-mon-tecnologia-addictiva\/"},"modified":"2017-08-31T02:47:20","modified_gmt":"2017-08-31T02:47:20","slug":"vacances-mobil-ansietats-hem-construit-mon-tecnologia-addictiva","status":"publish","type":"post","link":"https:\/\/www.manifestacom.com\/es\/vacances-mobil-ansietats-hem-construit-mon-tecnologia-addictiva\/","title":{"rendered":"Vacaciones, m\u00f3vil y ansiedades: un mundo de tecnolog\u00eda adictiva"},"content":{"rendered":"<p><span id=\"result_box\" class=\"\" lang=\"es\" tabindex=\"-1\"><span title=\"\u2018Vacances\u2019 significa desconnexi\u00f3.\">&#8216;Vacaciones&#8217; significa desconexi\u00f3n. <\/span><span title=\"Desconnexi\u00f3 de la feina, \u00e9s clar, per\u00f2 tamb\u00e9 de la rutina i dels h\u00e0bits propis.\">Desconexi\u00f3n del trabajo, claro, pero tambi\u00e9n de la rutina y de los h\u00e1bitos propios. <\/span><span title=\"Significa canviar d\u2019espais i tenir temps per dedicar a \u201caltres coses\u201d, les que siguin.\">Significa cambiar de espacios y tener tiempo para dedicarse a \u00abotras cosas\u00bb, las que sean. <\/span><span title=\"Per\u00f2 hi ha uns h\u00e0bits que portem a la butxaca, que cada cop ens prenen m\u00e9s temps i dels quals \u00e9s dif\u00edcil desconnectar: les aplicacions del m\u00f2bil.\n\n\">Pero hay unos h\u00e1bitos que llevamos en el bolsillo, que cada vez nos toman m\u00e1s tiempo y de los que es dif\u00edcil desconectar: \u200b\u200blas aplicaciones del m\u00f3vil.<\/p>\n<p><\/span><span title=\"\u00c9s habitual sentir ansietat o por si oblidem el tel\u00e8fon a casa, i cada cop hi ha m\u00e9s gent que passa els primers i els \u00faltims moments del dia fent relliscar el dit sobre la pantalla: potser no tenim missatges ni notificacions, nom\u00e9s fem \u201cscroll\u201d\">Es habitual sentir ansiedad o miedo si olvidamos el tel\u00e9fono en casa, y cada vez hay m\u00e1s gente que pasa los primeros y los \u00faltimos momentos del d\u00eda haciendo resbalar el dedo sobre la pantalla: puede que no tengamos mensajes ni notificaciones, s\u00f3lo hacemos \u00abscroll\u00bb <\/span><span title=\", ignorant el nostre entorn immediat.\">, <a href=\"http:\/\/www.manifestacom.com\/xarxes-socials-estem-mes-connectats-o-mes-desconnectats-2\/\">ignorando nuestro entorno inmediato<\/a>. <\/span><span title=\"Metges i psic\u00f2legs ja han advertit dels perills de passar massa temps amb el nas enganxat a la pantalla.\">M\u00e9dicos y psic\u00f3logos ya han advertido de los peligros de pasar demasiado tiempo con la nariz pegada a la pantalla. <\/span><span title=\"La sobreexposici\u00f3 digital causa una sigilosa addicci\u00f3, dif\u00edcil de detectar i acceptar, potser perqu\u00e8 en mesures diferents, afecta a una grand\u00edssima part de la poblaci\u00f3.\n\">La sobreexposici\u00f3n digital causa una sigilosa adicci\u00f3n, dif\u00edcil de detectar y aceptar, quiz\u00e1 porque, en medidas diferentes, afecta a una grand\u00edsima parte de la poblaci\u00f3n.<\/span><\/span><\/p>\n<h5><span id=\"result_box\" class=\"\" lang=\"es\" tabindex=\"-1\"><span title=\"\u201c\u00c9s per la feina\u201d\n\n\">\u00abEs por el trabajo\u00bb<\/span><\/span><\/h5>\n<p><span id=\"result_box\" class=\"\" lang=\"es\" tabindex=\"-1\"><span title=\"Sovint aquesta addicci\u00f3 es disfressa de responsabilitat: la fam\u00edlia, la feina\u2026 Als Estats Units, on ja fa uns anys que van saltar les alarmes, assenyalen dos perfils que segueixen aquesta pauta.\">A menudo esta adicci\u00f3n se disfraza de responsabilidad: la familia, el trabajo&#8230; En Estados Unidos, donde ya hace unos a\u00f1os que saltaron las alarmas, se\u00f1alan dos perfiles que siguen esta pauta. <\/span><span title=\"Un \u00e9s els dels \u201cm\u00e0rtirs del treball\u201d (work martyrs), que fins i tot arriben a no agafar-se les vacances amb \u201cperqu\u00e8 ning\u00fa pot substituir-me\u201d o perqu\u00e8 \u201cprefereixo treballar que trobar-me el caos en tornar\u201d.\">Uno es el de los \u00abm\u00e1rtires del trabajo\u00bb (work martyrs), que incluso llegan a no cogerse vacaciones \u00abporque nadie puede sustituirme\u00bb o porque \u00abprefiero trabajar que encontrarme el caos al regresar\u00bb. <\/span><span title=\"En molts casos aquestes afirmacions s\u00f3n certes, per\u00f2 en altres, especialment en treballadors joves que s\u2019han incorporat recentment al mercat laboral, el que hi ha al darrere \u00e9s m\u00e9s b\u00e9 por a pensar que no som prescindibles, o a mostrar poca dedicaci\u00f3.\n\n\">En muchos casos estas afirmaciones son ciertas, pero en otros, especialmente en trabajadores j\u00f3venes que se han incorporado recientemente al mercado laboral, lo que hay detr\u00e1s es m\u00e1s bien miedo a pensar que no somos imprescindibles, o a mostrar poca dedicaci\u00f3n.<\/p>\n<p><\/span><span title=\"Un altre perfil habitual amb dificultat per desconnectar s\u00f3n els anomenats FOMO ('Fear of Missing Out'), persones que tenen tanta por a perdre's alguna cosa) que porten el m\u00f2bil al darrere vagin on vagin, i dormen amb el dispositiu a m\u00e0, no\">Otro perfil habitual con dificultad para desconectar son los llamados FOMO ( &#8216;Fear of Missing Out&#8217;), personas que tienen tanto miedo a perderse algo) que llevan el m\u00f3vil detr\u00e1s vayan donde vayan, y duermen con el dispositivo a mano, no <\/span><span title=\"sigui cas que.\n\">sea \u200b\u200bque.<\/span><\/span><\/p>\n<h5><span id=\"result_box\" class=\"\" lang=\"es\" tabindex=\"-1\"><span title=\"Tecnologia dissenyada per exganxar\n\n\">Tecnolog\u00eda dise\u00f1ada para enganchar<br \/>\n<\/span><\/span><\/h5>\n<p><span id=\"result_box\" class=\"\" lang=\"es\" tabindex=\"-1\"><span title=\"Tranquils, no estem bojos, la urg\u00e8ncia de consultar el tel\u00e8fon \u00e9s natural i fins i tot provocada, com apunta l'ex dissenyador d'aplicacions per a Google Tristan Harris, que fa uns anys va fundar la iniciativa Time Well Spent (temps ben utilitzat\">Tranquilos, no estamos locos, la urgencia de consultar el tel\u00e9fono es natural e incluso provocada, como apunta el ex dise\u00f1ador de aplicaciones para Google Tristan Harris, que hace unos a\u00f1os fund\u00f3 la iniciativa <a href=\"http:\/\/www.timewellspent.io\/\">Time Well Spent <\/a>(tiempo bien utilizado <\/span><span title=\") per conscienciar sobre la gran quantitat de temps que invertim en el m\u00f2bil.\">) para concienciar sobre la gran cantidad de tiempo que invertimos en el m\u00f3vil. <\/span><span title=\"Harris assenyala que les aplicacions, productes i companyies digitals guanyen diners gr\u00e0cies al nostre temps.\">Harris se\u00f1ala que las aplicaciones, productos y compa\u00f1\u00edas digitales ganan dinero gracias a nuestro tiempo. <\/span><span title=\"\u00c9s l\u2019economia de l\u2019atenci\u00f3.\n\n\">Es la econom\u00eda de la atenci\u00f3n.<\/p>\n<p><\/span><span title=\"Aquesta gran adicci\u00f3 col\u00b7lectiva, segons Harris, ha estat provocada.\">Esta gran adicci\u00f3n colectiva, seg\u00fan Harris, ha sido provocada. <\/span><span title=\"Tot i que la situaci\u00f3 laboral i les car\u00e8ncies emocionals poden fer m\u00e9s greu la situaci\u00f3, el principal problema no s\u00f3n les persones, sin\u00f3 la mateixa tecnologia, dissenyada amb cura per manipular la psicologia humana, per controlar-nos i fer-nos portar la punta\">Aunque la situaci\u00f3n laboral y las carencias emocionales pueden hacer m\u00e1s grave la situaci\u00f3n, el principal problema no son las personas, sino la misma tecnolog\u00eda, dise\u00f1ada con cuidado para manipular la psicolog\u00eda humana, para controlarnos y hacernos llevar la punta <\/span><span title=\"del dit cap a les icones de les aplicacions molt m\u00e9s sovint del que seria necessari, molt m\u00e9s sovint del que voldr\u00edem.\n\">del dedo hacia los iconos de las aplicaciones mucho m\u00e1s a menudo de lo que ser\u00eda necesario, mucho m\u00e1s a menudo de lo que quisi\u00e9ramos.<\/span><\/span><\/p>\n<h5><span id=\"result_box\" class=\"\" lang=\"es\" tabindex=\"-1\"><span title=\"Recuperar el control\n\n\">Recuperar el control<br \/>\n<\/span><\/span><\/h5>\n<p><span id=\"result_box\" class=\"\" lang=\"es\" tabindex=\"-1\"><span title=\"Les noves tecnologies han d\u2019estar al servei de les persones.\">Las nuevas tecnolog\u00edas deben estar al servicio de las personas. <\/span><span title=\"Aix\u00f2 \u00e9s el que pensa Harris, que lidera un moviment per canviar els fonaments del disseny d\u2019aplicacions.\">Esto es lo que piensa Harris, que lidera un movimiento para cambiar los fundamentos del dise\u00f1o de aplicaciones. <\/span><span title=\"La idea \u00e9s conv\u00e9ncer els enginyers de Silicon Valley de que es comprometin amb una mena de codi \u00e8tic del software, per minimitzar les pr\u00e0ctiques actuals en les quals s\u2019exploten les vulnerabilitats psicol\u00f2giques de les persones per fer-les passar m\u00e9s temps a les aplicacions.\">La idea es convencer a los ingenieros de Silicon Valley de que se comprometan a respectar una especie de c\u00f3digo \u00e9tico del software, para minimizar las pr\u00e1cticas actuales en las que se explotan las vulnerabilidades psicol\u00f3gicas de las personas para hacerlas pasar m\u00e1s tiempo en las aplicaciones. <\/span><span title=\"D\u2019aquesta manera, els usuaris recuperarien el control de l\u2019\u00fas dels dispositius digitals, i del seu temps.\n\n\">De este modo, los usuarios recuperar\u00edan el control del uso de los dispositivos digitales, y de su tiempo.<\/p>\n<p><\/span><span title=\"Lluny de renunciar a la tecnologia, Harris t\u00e9 una visi\u00f3 en qu\u00e8 aquesta t\u00e9 un paper m\u00e9s noble: En lloc de passar el temps distrets pel m\u00f2bil, com passa actualment, podr\u00edem tenir a les mans instruments tecnol\u00f2gics que ens ajud\u00e9ssin a treure el m\u00e0xim profit de\">Lejos de renunciar a la tecnolog\u00eda, Harris tiene una visi\u00f3n en la que \u00e9sta tiene un papel m\u00e1s noble. En lugar de pasar el tiempo distra\u00eddos por el m\u00f3vil, como ocurre actualmente, podr\u00edamos tener en las manos instrumentos tecnol\u00f3gicos que nos ayudasen\u00a0 a sacar el m\u00e1ximo provecho de <\/span><span title=\"nostre temps i les nostres habilitats.\">nuestro tiempo y nuestras habilidades.<\/span><\/span><\/p>\n","protected":false},"excerpt":{"rendered":"<p>&#8216;Vacaciones&#8217; significa desconexi\u00f3n. Desconexi\u00f3n del trabajo, claro, pero tambi\u00e9n de la rutina y de los h\u00e1bitos propios. Significa cambiar de espacios y tener tiempo para dedicarse a \u00abotras cosas\u00bb, las que sean. Pero hay unos h\u00e1bitos que llevamos en el bolsillo, que cada vez nos&#8230;<\/p>\n","protected":false},"author":1,"featured_media":2103,"comment_status":"open","ping_status":"open","sticky":false,"template":"","format":"standard","meta":{"footnotes":""},"categories":[456],"tags":[493,494,495,496,491,492,443],"home_featured":[],"class_list":["post-2105","post","type-post","status-publish","format-standard","has-post-thumbnail","hentry","category-el-post-es-2","tag-addicio-es","tag-smartphones-es","tag-xarxes-es","tag-tecnologia-es","tag-aplicacions-es","tag-desconnexio-es","tag-xarxes-socials-es"],"acf":[],"_links":{"self":[{"href":"https:\/\/www.manifestacom.com\/es\/wp-json\/wp\/v2\/posts\/2105","targetHints":{"allow":["GET"]}}],"collection":[{"href":"https:\/\/www.manifestacom.com\/es\/wp-json\/wp\/v2\/posts"}],"about":[{"href":"https:\/\/www.manifestacom.com\/es\/wp-json\/wp\/v2\/types\/post"}],"author":[{"embeddable":true,"href":"https:\/\/www.manifestacom.com\/es\/wp-json\/wp\/v2\/users\/1"}],"replies":[{"embeddable":true,"href":"https:\/\/www.manifestacom.com\/es\/wp-json\/wp\/v2\/comments?post=2105"}],"version-history":[{"count":3,"href":"https:\/\/www.manifestacom.com\/es\/wp-json\/wp\/v2\/posts\/2105\/revisions"}],"predecessor-version":[{"id":2109,"href":"https:\/\/www.manifestacom.com\/es\/wp-json\/wp\/v2\/posts\/2105\/revisions\/2109"}],"wp:featuredmedia":[{"embeddable":true,"href":"https:\/\/www.manifestacom.com\/es\/wp-json\/wp\/v2\/media\/2103"}],"wp:attachment":[{"href":"https:\/\/www.manifestacom.com\/es\/wp-json\/wp\/v2\/media?parent=2105"}],"wp:term":[{"taxonomy":"category","embeddable":true,"href":"https:\/\/www.manifestacom.com\/es\/wp-json\/wp\/v2\/categories?post=2105"},{"taxonomy":"post_tag","embeddable":true,"href":"https:\/\/www.manifestacom.com\/es\/wp-json\/wp\/v2\/tags?post=2105"},{"taxonomy":"home_featured","embeddable":true,"href":"https:\/\/www.manifestacom.com\/es\/wp-json\/wp\/v2\/home_featured?post=2105"}],"curies":[{"name":"wp","href":"https:\/\/api.w.org\/{rel}","templated":true}]}}