{"id":2246,"date":"2018-08-13T08:00:22","date_gmt":"2018-08-13T08:00:22","guid":{"rendered":"http:\/\/www.manifestacom.com\/?p=2246\/"},"modified":"2018-08-14T06:05:37","modified_gmt":"2018-08-14T06:05:37","slug":"mac-pellicules-pintaven-ma","status":"publish","type":"post","link":"https:\/\/www.manifestacom.com\/es\/mac-pellicules-pintaven-ma\/","title":{"rendered":"Mac: Cuando las pel\u00edculas se pintaban a mano"},"content":{"rendered":"<p><span lang=\"ca-ES\"><span id=\"result_box\" class=\"\" lang=\"es\" tabindex=\"-1\"><span title=\"Hi va haver un temps en qu\u00e8 les campanyes de promoci\u00f3 de les pel\u00b7l\u00edcules giraven al voltant de cartells pintats a la m\u00e0, tot un art mereixedor no nom\u00e9s de l'amor dels assistents a les sales de cine, que guardarien aquestes imatges per sempre\">Hubo un tiempo en que las campa\u00f1as de promoci\u00f3n de las pel\u00edculas giraban alrededor de carteles pintados a mano, todo un arte merecedor no s\u00f3lo del amor de los asistentes a las salas de cine, que guardar\u00edan estas im\u00e1genes para siempre <\/span><span title=\"a la mem\u00f2ria, sin\u00f3 tamb\u00e9 del respecte i reconeixement d'aclamats directors, actors i artistes. \">en la memoria, sino tambi\u00e9n del respeto y reconocimiento de aclamados directores, actores y artistas.<\/span><\/span><\/span><\/p>\n<p><span title=\"La recent mort de Mac, com va ser conegut el cartellista de Reus Macario G\u00f3mez Quib\u00fas, obre una finestra a la nost\u00e0lgia d\u2019un art que va morir amb la proliferaci\u00f3 dels mitjans audiovisuals (la televisi\u00f3, el v\u00eddeo,i finalment Internet).\">La reciente <a href=\"https:\/\/www.lavanguardia.com\/cultura\/20180722\/451019537968\/muere-macari-gomez-artelista-hollywood-casa-blanca-ciudadano-kane.html\">muerte de Mac<\/a>, como fue conocido el cartelista de Reus Macario G\u00f3mez Quibus, abre una ventana a la nostalgia de un arte que muri\u00f3 con la proliferaci\u00f3n de los medios audiovisuales (televisi\u00f3n, el v\u00eddeo, y finalmente Internet). <\/span><span title=\"Avui, la seva obra, que inclou els cartells de pel\u00b7l\u00edcules dels anys 50, 60 i 70 tan conegudes com Ciudadano Kane (Orson Welles, 1941), Casablanca (Michael Curtiz, 1942) o Psicosis (Alfred Hitchcock, 1960), es\">Hoy, su obra, que incluye los carteles de pel\u00edculas de los a\u00f1os 50, 60 y 70 tan conocidas como Ciudadano Kane (Orson Welles, 1941), Casablanca (Michael Curtiz, 1942) o Psicosis (Alfred Hitchcock, 1960), se <\/span><span title=\"conserva ben custodiada als museus, publicacions i altres mostres, com el documental Un chico de portada: el arte de Macario G\u00f3mez, realitzat per David Mu\u00f1oz al 2012. \">conserva bien custodiada los museos, publicaciones y otras muestras, como el documental Un chico de portada: el arte de Macario G\u00f3mez, realizado por David Mu\u00f1oz 2012.<\/span><\/p>\n<p><span title=\"Un gest, un cop de puny, un bes apassionat\u2026 Mac, com tots els il\u00b7lustradors de pel\u00b7l\u00edcules de l'\u00e8poca, captava en un sol dibuix l'ess\u00e8ncia d'un film i donava raons al p\u00fablic per anar a la\">Un gesto, un pu\u00f1etazo, un beso apasionado &#8230; Mac, como todos los ilustradores de pel\u00edculas de la \u00e9poca, captaba en un solo dibujo la esencia de un filme y daba razones al p\u00fablico para ir a la <\/span><span title=\"sala cada dissabte.\">sala cada s\u00e1bado. <\/span><span title=\"Els trailers encara no existien, i els cartells eren la primera imatge que els \u00e0vids espectadors veien de cada pel\u00b7l\u00edcula arribada de Hollywood que s\u2019anunciava a les sales de cinema. \">Los trailers a\u00fan no exist\u00edan, y los carteles eran la primera imagen que los \u00e1vidos espectadores ve\u00edan de cada pel\u00edcula llegada de Hollywood que se anunciaba en las salas de cine.<\/span><\/p>\n<h4><span lang=\"ca-ES\"><span id=\"result_box\" class=\"\" lang=\"es\" tabindex=\"-1\"><span title=\"Sota l\u2019escrutini de la censura \">Bajo el escrutinio de la censura<br \/>\n<\/span><\/span><\/span><\/h4>\n<p><span lang=\"ca-ES\"><span id=\"result_box\" class=\"\" lang=\"es\" tabindex=\"-1\"><span title=\"Un tranv\u00eda llamado deseo (1951), Moulin Rouge (1953), Guerra y Paz (1956), Ivanhoe (Richard Thorpe, 1952), El Cid (Anthony Mann, 1961), El juez de la horca (John Huston, 1972)\u2026\">Un tranv\u00eda llamado deseo (1951), Moulin Rouge (1953), Guerra y Paz (1956), Ivanhoe (Richard Thorpe, 1952), El Cid (Anthony Mann, 1961), El juez de la horca (John Huston, 1972) &#8230; <\/span><span title=\"la llista de les pel\u00b7l\u00edcules il\u00b7lustrades per l'artista de Reus, un dels principals cartellistes de Hollywood, \u00e9s llarga. \">la lista de las pel\u00edculas ilustradas por el artista de Reus, uno de los principales cartelistas de Hollywood, es larga.<\/span><\/span><\/span><\/p>\n<p><span title=\"Els cartells d\u2019aquells anys de gl\u00f2ria no eren cap complement o decoraci\u00f3, sin\u00f3 el centre de les campanyes de promoci\u00f3 de l\u2019emergent ind\u00fastria del cine.\">Los carteles de aquellos a\u00f1os de gloria no eran ning\u00fan complemento o decoraci\u00f3n, sino el centro de las campa\u00f1as de promoci\u00f3n de la emergente industria del cine. <\/span><span title=\"El seu poder de suggeriment de cara a l'opini\u00f3 p\u00fablica en un moment en qu\u00e8 les pel\u00b7l\u00edcules eren la gran meravella del m\u00f3n de l'entreteniment era tan gran que la censura franquista a c\u00e0rrec del Ministeri d'Informaci\u00f3 i Turisme els vigilava de\">Su poder de sugerencia de cara a la opini\u00f3n p\u00fablica en un momento en que las pel\u00edculas eran la gran maravilla del mundo del entretenimiento era tan grande que la censura franquista a cargo del Ministerio de Informaci\u00f3n y Turismo los vigilaba de <\/span><span title=\"ben a prop. \">muy cerca.<\/span><\/p>\n<h4><span lang=\"ca-ES\"><span id=\"result_box\" class=\"\" lang=\"es\" tabindex=\"-1\"><span title=\"Un ofici admirat i reconegut \">Un oficio admirado y reconocido<\/span><\/span><\/span><\/h4>\n<p><span lang=\"ca-ES\"><span id=\"result_box\" class=\"\" lang=\"es\" tabindex=\"-1\"><span title=\"Mac va comptar amb l\u2019admiraci\u00f3 de grans estrelles de la pantalla.\">Mac cont\u00f3 con la admiraci\u00f3n de grandes estrellas de la pantalla. <\/span><span title=\"Compten que a Charlton Heston li va agradar tant el cartell de Los diez mandamientos (Cecil B. De Mille, 1956), que va voler con\u00e8ixer Mac en persona, una ocasi\u00f3 que l'artista catal\u00e0 va aprofitar per regalar a l'actor americ\u00e0 un\">Cuentan que a Charlton Heston le gust\u00f3 tanto el cartel de Los diez mandamientos (Cecil B. De Mille, 1956), que quiso conocer Mac en persona, una ocasi\u00f3n que el artista catal\u00e1n aprovech\u00f3 para regalar al actor estadounidense un <\/span><span title=\"retrat d'ell caracteritzat de Mois\u00e9s, tal com aquest apareixia en la pel\u00b7l\u00edcula.\">retrato de \u00e9l caracterizado de Mois\u00e9s, tal como \u00e9ste aparec\u00eda en la pel\u00edcula. <\/span><span title=\"Tamb\u00e9 Kirk Douglas es va declarar admirador de Mac, i encara conserva un cartell original de la pel\u00b7l\u00edcula dirigida pel propi actor al 1975 Los justicieros del Oeste.\">Tambi\u00e9n Kirk Douglas se declar\u00f3 admirador de Mac, y a\u00fan conserva un cartel original de la pel\u00edcula dirigida por el propio actor en 1975 Los justicieros del Oeste. <\/span><span title=\"Fins i tot Salvador Dal\u00ed va mostrar la seva admiraci\u00f3 per Mac. \">Incluso Salvador Dal\u00ed mostr\u00f3 su admiraci\u00f3n por Mac.<\/span><\/span><\/span><\/p>\n<p><span title=\"Al 2013, Macario G\u00f3mez va estar nomenat Membre d\u2019honor de l\u2019Acad\u00e8mia del Cine Catal\u00e0, i al 2014 va rebre la Creu de Sant Jordi.\">En 2013, Macario G\u00f3mez estuvo nombrado Miembro de honor de la Academia del Cine Catal\u00e1n, y el 2014 recibi\u00f3 la Cruz de Sant Jordi. <\/span><span title=\"La seva obra viur\u00e0 encara molts anys a la mem\u00f2ria col\u00b7lectiva, i passar\u00e0 sense cap dubte a la hist\u00f2ria dels mitjans de comunicaci\u00f3 a la nostra terra.\">Su obra vivir\u00e1 todav\u00eda muchos a\u00f1os en la memoria colectiva, y pasar\u00e1 sin duda a la historia de los medios de comunicaci\u00f3n en nuestra tierra.<\/span><\/p>\n","protected":false},"excerpt":{"rendered":"<p>Hubo un tiempo en que las campa\u00f1as de promoci\u00f3n de las pel\u00edculas giraban alrededor de carteles pintados a mano, todo un arte merecedor no s\u00f3lo del amor de los asistentes a las salas de cine, que guardar\u00edan estas im\u00e1genes para siempre en la memoria, sino&#8230;<\/p>\n","protected":false},"author":1,"featured_media":2247,"comment_status":"open","ping_status":"open","sticky":false,"template":"","format":"standard","meta":{"footnotes":""},"categories":[456],"tags":[526,527,528,524],"home_featured":[],"class_list":["post-2246","post","type-post","status-publish","format-standard","has-post-thumbnail","hentry","category-el-post-es-2","tag-cine","tag-comunicacion","tag-historia","tag-arte"],"acf":[],"_links":{"self":[{"href":"https:\/\/www.manifestacom.com\/es\/wp-json\/wp\/v2\/posts\/2246","targetHints":{"allow":["GET"]}}],"collection":[{"href":"https:\/\/www.manifestacom.com\/es\/wp-json\/wp\/v2\/posts"}],"about":[{"href":"https:\/\/www.manifestacom.com\/es\/wp-json\/wp\/v2\/types\/post"}],"author":[{"embeddable":true,"href":"https:\/\/www.manifestacom.com\/es\/wp-json\/wp\/v2\/users\/1"}],"replies":[{"embeddable":true,"href":"https:\/\/www.manifestacom.com\/es\/wp-json\/wp\/v2\/comments?post=2246"}],"version-history":[{"count":3,"href":"https:\/\/www.manifestacom.com\/es\/wp-json\/wp\/v2\/posts\/2246\/revisions"}],"predecessor-version":[{"id":2283,"href":"https:\/\/www.manifestacom.com\/es\/wp-json\/wp\/v2\/posts\/2246\/revisions\/2283"}],"wp:featuredmedia":[{"embeddable":true,"href":"https:\/\/www.manifestacom.com\/es\/wp-json\/wp\/v2\/media\/2247"}],"wp:attachment":[{"href":"https:\/\/www.manifestacom.com\/es\/wp-json\/wp\/v2\/media?parent=2246"}],"wp:term":[{"taxonomy":"category","embeddable":true,"href":"https:\/\/www.manifestacom.com\/es\/wp-json\/wp\/v2\/categories?post=2246"},{"taxonomy":"post_tag","embeddable":true,"href":"https:\/\/www.manifestacom.com\/es\/wp-json\/wp\/v2\/tags?post=2246"},{"taxonomy":"home_featured","embeddable":true,"href":"https:\/\/www.manifestacom.com\/es\/wp-json\/wp\/v2\/home_featured?post=2246"}],"curies":[{"name":"wp","href":"https:\/\/api.w.org\/{rel}","templated":true}]}}