{"id":2279,"date":"2018-08-09T09:27:29","date_gmt":"2018-08-09T09:27:29","guid":{"rendered":"http:\/\/www.manifestacom.com\/justicia-2-0-president-dausbanc-condemnat-indemnitzar-tuitejar\/"},"modified":"2018-08-14T06:08:49","modified_gmt":"2018-08-14T06:08:49","slug":"justicia-2-0-president-dausbanc-condemnat-indemnitzar-tuitejar","status":"publish","type":"post","link":"https:\/\/www.manifestacom.com\/es\/justicia-2-0-president-dausbanc-condemnat-indemnitzar-tuitejar\/","title":{"rendered":"Justicia 2.0: el presidente de Ausbanc, condenado a indemnizar&#8230; y tuitear"},"content":{"rendered":"<p class=\"western\"><span lang=\"ca-ES\"><span id=\"result_box\" class=\"\" lang=\"es\" tabindex=\"-1\"><span title=\"El Jutjat de Primera Inst\u00e0ncia n\u00famero 36 de Madrid ha condemnat el presidente de Ausbanc, Luis Pineda, a indemnitzar l\u2019 ex &quot;community manager&quot; de la Policia Nacional Carlos Fern\u00e1ndez amb 3.000 euros per haver trespassat els l\u00edmits del seu dret a l\u2019honor. \">El Juzgado de Primera Instancia n\u00famero 36 de Madrid ha condenado al presidente de Ausbanc, Luis Pineda, a indemnizar al ex \u00abcommunity manager\u00bb de la Polic\u00eda Nacional Carlos Fern\u00e1ndez con 3.000 euros por haber traspasado los l\u00edmites de su derecho al honor.<\/span><\/span><\/span><\/p>\n<p class=\"western\"><span lang=\"ca-ES\"><span id=\"result_box\" class=\"\" lang=\"es\" tabindex=\"-1\"><span title=\"Com ha part de la sent\u00e8ncia, el jutjat condemna tamb\u00e9 Pineda a compartir el resultat de la sent\u00e8ncia durant 10 dies consecutius al seu compte de Twitter, en horari de m\u00e0xima visibilitat i fent \u00fas d'una eina especialment creada per augmentar el n\u00famero de caracters permesos\">Como ha parte de la sentencia, el juzgado condena tambi\u00e9n Pineda a compartir el resultado de la sentencia durante 10 d\u00edas consecutivos en su cuenta de Twitter, en horario de m\u00e1xima visibilidad y haciendo uso de una herramienta especialmente creada para aumentar el n\u00famero de caracteres permitidos <\/span><span title=\".\">. <\/span><span title=\"Es tracta de la mateixa xarxa social on Pineda va publicar les \u00abacusacions altament vexat\u00f2ries\u00bb contra Fern\u00e1ndez, llavors encarregat de les comunicacions a xarxes socials del cos de seguretat, que segons la magistrada no poden ser emparades pel dret a la llibertat d\u2019expressi\u00f3. \">Se trata de la misma red social donde Pineda public\u00f3 las \u00abacusaciones altamente vejatorias\u00bb contra Fern\u00e1ndez, entonces encargado de las comunicaciones a redes sociales del cuerpo de seguridad, que seg\u00fan la magistrada no pueden ser amparadas por el derecho a la libertad de expresi\u00f3n.<\/span><\/span><\/span><\/p>\n<p class=\"western\"><span lang=\"ca-ES\"><span id=\"result_box\" class=\"\" lang=\"es\" tabindex=\"-1\"><span title=\"Pineda haur\u00e0 de complir amb aquest requisit des de la pres\u00f3 on es troba des d\u2019abril del 2016, acusat d\u2019extorsionar a empreses i bancs. \">Pineda deber\u00e1 cumplir con este requisito desde la prisi\u00f3n donde se encuentra desde abril de 2016, acusado de extorsionar a empresas y bancos.<\/span><\/span><\/span><\/p>\n<p class=\"western\"><span lang=\"ca-ES\"><span id=\"result_box\" class=\"\" lang=\"es\" tabindex=\"-1\"><span title=\"Aquest \u00e9s un exemple m\u00e9s de com les xarxes socials han passat a \u00e9sser percebudes i tractades pel sistema judicial com una part fonamental dels espais de comunicaci\u00f3, amb un fort impacte sobre l\u2019opini\u00f3 p\u00fablica.\">Este es un ejemplo m\u00e1s de c\u00f3mo las redes sociales han pasado a ser percibidas y tratadas por el sistema judicial como una parte fundamental de los espacios de comunicaci\u00f3n, con un fuerte impacto sobre la opini\u00f3n p\u00fablica. <\/span><span title=\"A m\u00e9s, el cas torna a posar sobre la taula el debat sobre les interseccions de la identitat privada i p\u00fablica a les xarxes socials.\">Adem\u00e1s, el caso vuelve a poner sobre la mesa el debate sobre las intersecciones de la identidad privada y p\u00fablica en las redes sociales.<\/span><\/span><\/span><\/p>\n","protected":false},"excerpt":{"rendered":"<p>El Juzgado de Primera Instancia n\u00famero 36 de Madrid ha condenado al presidente de Ausbanc, Luis Pineda, a indemnizar al ex \u00abcommunity manager\u00bb de la Polic\u00eda Nacional Carlos Fern\u00e1ndez con 3.000 euros por haber traspasado los l\u00edmites de su derecho al honor. Como ha parte&#8230;<\/p>\n","protected":false},"author":1,"featured_media":2277,"comment_status":"open","ping_status":"open","sticky":false,"template":"","format":"standard","meta":{"footnotes":""},"categories":[446],"tags":[540,471,451,443],"home_featured":[],"class_list":["post-2279","post","type-post","status-publish","format-standard","has-post-thumbnail","hentry","category-la-noticia-i-el-comentari-es","tag-justicia-es","tag-twitter-es","tag-social-media-es","tag-xarxes-socials-es"],"acf":[],"_links":{"self":[{"href":"https:\/\/www.manifestacom.com\/es\/wp-json\/wp\/v2\/posts\/2279","targetHints":{"allow":["GET"]}}],"collection":[{"href":"https:\/\/www.manifestacom.com\/es\/wp-json\/wp\/v2\/posts"}],"about":[{"href":"https:\/\/www.manifestacom.com\/es\/wp-json\/wp\/v2\/types\/post"}],"author":[{"embeddable":true,"href":"https:\/\/www.manifestacom.com\/es\/wp-json\/wp\/v2\/users\/1"}],"replies":[{"embeddable":true,"href":"https:\/\/www.manifestacom.com\/es\/wp-json\/wp\/v2\/comments?post=2279"}],"version-history":[{"count":3,"href":"https:\/\/www.manifestacom.com\/es\/wp-json\/wp\/v2\/posts\/2279\/revisions"}],"predecessor-version":[{"id":2284,"href":"https:\/\/www.manifestacom.com\/es\/wp-json\/wp\/v2\/posts\/2279\/revisions\/2284"}],"wp:featuredmedia":[{"embeddable":true,"href":"https:\/\/www.manifestacom.com\/es\/wp-json\/wp\/v2\/media\/2277"}],"wp:attachment":[{"href":"https:\/\/www.manifestacom.com\/es\/wp-json\/wp\/v2\/media?parent=2279"}],"wp:term":[{"taxonomy":"category","embeddable":true,"href":"https:\/\/www.manifestacom.com\/es\/wp-json\/wp\/v2\/categories?post=2279"},{"taxonomy":"post_tag","embeddable":true,"href":"https:\/\/www.manifestacom.com\/es\/wp-json\/wp\/v2\/tags?post=2279"},{"taxonomy":"home_featured","embeddable":true,"href":"https:\/\/www.manifestacom.com\/es\/wp-json\/wp\/v2\/home_featured?post=2279"}],"curies":[{"name":"wp","href":"https:\/\/api.w.org\/{rel}","templated":true}]}}