{"id":2299,"date":"2018-09-13T09:29:04","date_gmt":"2018-09-13T09:29:04","guid":{"rendered":"http:\/\/www.manifestacom.com\/justicia-2-0-pels-delictes-dodi-xarxa\/"},"modified":"2018-09-21T11:43:42","modified_gmt":"2018-09-21T11:43:42","slug":"justicia-2-0-pels-delictes-dodi-xarxa","status":"publish","type":"post","link":"https:\/\/www.manifestacom.com\/es\/justicia-2-0-pels-delictes-dodi-xarxa\/","title":{"rendered":"Justicia 2.0 para los delitos de odio en redes sociales"},"content":{"rendered":"<p><span id=\"result_box\" class=\"\" lang=\"es\" tabindex=\"-1\"><span title=\"Compartir en p\u00fablic missatges racistes, hom\u00f2fobs o discriminatoris en qualsevol altre sentit \u00e9s un delicte d\u2019odi previst pel Codi Penal pel qual ja s\u2019ha condemnat a pres\u00f3 alguns a tuitaires en els darrers anys.\">Compartir en p\u00fablico mensajes racistas, hom\u00f3fobos o discriminatorios en cualquier otro sentido es un delito de odio previsto por el C\u00f3digo Penal por el que ya se ha condenado a prisi\u00f3n a algunos a usuarios de la red social Twitter en los \u00faltimos a\u00f1os. <\/span><span title=\"A la seva Mem\u00f2ria del 2017 presentada el passat dilluns, per\u00f2, la Fiscalia de l'Estat planteja una nova mirada de la just\u00edcia: preveure c\u00e0stigs diferents a la pres\u00f3 en els casos en qu\u00e8 \u00abpel seu context contingut, abs\u00e8ncia de reiteraci\u00f3 o caracter\u00edstiques o\">En su <a href=\"https:\/\/www.elperiodico.com\/es\/sociedad\/20180910\/fiscalia-penas-alternativas-carcel-tuiteros-delitos-odio-7027070\">Memoria de 2017<\/a> presentada el pasado lunes, pero, la Fiscal\u00eda del Estado plantea una nueva mirada de la justicia: prever castigos diferentes a la prisi\u00f3n en los casos en que \u00ab<\/span><span title=\"circumst\u00e0ncies personals de l'autor\u00bb no siguin mereixedores d'una pena tan dura com la de pres\u00f3.\n\">por su contexto contenido, ausencia de reiteraci\u00f3n o caracter\u00edsticas o circunstancias personales del autor\u00bb no sean merecedores de una pena tan dura como la de prisi\u00f3n.<\/span><\/span><\/p>\n<p><span id=\"result_box\" class=\"\" lang=\"es\" tabindex=\"-1\"><span title=\"A la mem\u00f2ria, la Fiscalia proposa una modificaci\u00f3 de l\u2019article 510 del Codi Penal, que contempla penes de fins a quatre anys de pres\u00f3 per aquells incitin p\u00fablicament a l\u2019odi per ra\u00f3 de g\u00e8nere, ra\u00e7a, religi\u00f3 o altres circumst\u00e0ncies.\">En la memoria, la Fiscal\u00eda propone una modificaci\u00f3n del art\u00edculo 510 del C\u00f3digo Penal, que contempla penas de hasta cuatro a\u00f1os de c\u00e1rcel para aquellos inciten p\u00fablicamente al odio por raz\u00f3n de g\u00e9nero, raza, religi\u00f3n u otras circunstancias. <\/span><span title=\"Si el delite es comet a trav\u00e9s d\u2019un mitj\u00e0 de comunicaci\u00f3 social o per Internet, la pena m\u00ednima possible \u00e9s de dos anys i mig.\n\">Si el delito se comete a trav\u00e9s de un medio de comunicaci\u00f3n social o por Internet, la pena m\u00ednima posible es de dos a\u00f1os y medio.<\/span><\/span><\/p>\n<p><span id=\"result_box\" class=\"\" lang=\"es\" tabindex=\"-1\"><span title=\"El Ministeri P\u00fablic considera aquests c\u00e0stigs massa \u201csevers\u201d, ja que el molts casos la persona que publica missatges ofensius no forma part de cap organitzaci\u00f3 criminal, i \u00abha pogut actuar de forma impulsiva e irreflexiva\u201d.\">El Ministerio P\u00fablico considera estos castigos demasiado \u00abseveros\u00bb, ya que en muchos casos la persona que publica mensajes ofensivos no forma parte de ninguna organizaci\u00f3n criminal, y \u00abha podido actuar de forma impulsiva e irreflexiva\u00bb. <\/span><span title=\"A m\u00e9s, la Fiscalia subratlla que s\u2019ha observat un \u00abprogressiu augment\u00bb d\u2019aquests delictes degut a l\u2019expansi\u00f3 de l\u2019\u00fas de les xarxes socials, un nou context comunicatiu que requereix un debat per ajustar la llei.\n\">Adem\u00e1s, la Fiscal\u00eda subraya que se ha observado un \u00abprogresivo aumento\u00bb de estos delitos debido a la expansi\u00f3n del uso de las redes sociales, un nuevo contexto comunicativo que requiere un debate para ajustar la ley.<\/span><\/span><\/p>\n<p><span id=\"result_box\" class=\"\" lang=\"es\" tabindex=\"-1\"><strong><span title=\"Xarxes socials: comunicaci\u00f3 p\u00fablica o privada?\n\">Redes sociales: \u00bfcomunicaci\u00f3n p\u00fablica o privada?<\/span><\/strong><\/span><span id=\"result_box\" class=\"\" lang=\"es\" tabindex=\"-1\"><\/span><span id=\"result_box\" class=\"\" lang=\"es\" tabindex=\"-1\"><span title=\"Xarxes socials: comunicaci\u00f3 p\u00fablica o privada?\n\"><br \/>\n<\/span><span title=\"En resum, el debat que ha obert la Fiscalia apunta a una q\u00fcesti\u00f3 clau per comprendre i gestionar la comunicaci\u00f3 dels nostres temps: s\u00f3n les xarxes socials un espai p\u00fablic o privat?\">En resumen, el debate que ha abierto la Fiscal\u00eda apunta a una cuesti\u00f3n clave para comprender y gestionar la comunicaci\u00f3n de nuestros tiempos: \u00bfson las redes sociales un espacio p\u00fablico o privado? \u00bf<\/span><span title=\"O una cosa intermitja?\n\">O quiz\u00e1 algo intermedio?<\/span><\/span><\/p>\n<p><span id=\"result_box\" class=\"\" lang=\"es\" tabindex=\"-1\"><span title=\"El grup de recerca en Antropologia de les Xarxes Socials de la University Collage London (UCL) anomenat Why We Post, que ha fet un llarg treball de recerca en diferents regions del m\u00f3n, destaca aquesta nova tend\u00e8ncia de les xarxes socials dels \u00faltims anys.\">El grupo de investigaci\u00f3n en Antropolog\u00eda de las Redes Sociales de la University Collage London (UCL) llamado <a href=\"https:\/\/www.ucl.ac.uk\/why-we-post\">Why We Post<\/a>, que ha hecho un largo trabajo de investigaci\u00f3n en diferentes regiones del mundo, destaca esta nueva tendencia de las redes sociales de los \u00faltimos a\u00f1os. <\/span><span title=\"En el m\u00f3n previ a l\u2019arribada d\u2019Internet, era f\u00e0cil distingir entre comunicaci\u00f3 p\u00fablica i privada.\">En el mundo previo a la llegada de Internet, era f\u00e1cil distinguir entre comunicaci\u00f3n p\u00fablica y privada. <\/span><span title=\"Les converses cara a cara amb una sola persona o un grup redu\u00eft, per tel\u00e8fon o tel\u00e8graf, eren comunicaci\u00f3 privada.\">Las conversaciones cara a cara con una sola persona o un grupo reducido, por tel\u00e9fono o tel\u00e9grafo, eran comunicaci\u00f3n privada. <\/span><span title=\"Els discursos davant d\u2019audi\u00e8ncies massives i els grans mitjans de comunicaci\u00f3 de masses com la televisi\u00f3 i la r\u00e0dio, comunicaci\u00f3 p\u00fablica.\n\">Los discursos ante audiencias masivas y los grandes medios de comunicaci\u00f3n de masas como la televisi\u00f3n y la radio, comunicaci\u00f3n p\u00fablica.<\/span><\/span><\/p>\n<p><span id=\"result_box\" class=\"\" lang=\"es\" tabindex=\"-1\"><span title=\"Totes les xarxes que han emergit en els darrers anys tenen una cosa en com\u00fa: totes ofereixen nous espais entre la comunicaci\u00f3 estrictament p\u00fablica i l\u2019estrictament privada.\">Todas las redes que han emergido en los \u00faltimos a\u00f1os tienen una cosa en com\u00fan: todas ofrecen nuevos espacios entre la comunicaci\u00f3n estrictamente p\u00fablica y la estrictamente privada. <\/span><span title=\"Els investigadors de l\u2019ULC anomenen aquest tret de les xarxes socials \u2018sociabilitat escalable\u2019, i l\u2019assenyalen com la caracter\u00edstica que millor defineix les xarxes socials.\">Los investigadores de la ULC llaman este rasgo de las redes sociales &#8216;sociabilidad escalable&#8217;, y la se\u00f1alan como la caracter\u00edstica que mejor define las redes sociales.<\/span><\/span><\/p>\n","protected":false},"excerpt":{"rendered":"<p>Compartir en p\u00fablico mensajes racistas, hom\u00f3fobos o discriminatorios en cualquier otro sentido es un delito de odio previsto por el C\u00f3digo Penal por el que ya se ha condenado a prisi\u00f3n a algunos a usuarios de la red social Twitter en los \u00faltimos a\u00f1os. En&#8230;<\/p>\n","protected":false},"author":1,"featured_media":2297,"comment_status":"open","ping_status":"open","sticky":false,"template":"","format":"standard","meta":{"footnotes":""},"categories":[456],"tags":[540,471],"home_featured":[],"class_list":["post-2299","post","type-post","status-publish","format-standard","has-post-thumbnail","hentry","category-el-post-es-2","tag-justicia-es","tag-twitter-es"],"acf":[],"_links":{"self":[{"href":"https:\/\/www.manifestacom.com\/es\/wp-json\/wp\/v2\/posts\/2299","targetHints":{"allow":["GET"]}}],"collection":[{"href":"https:\/\/www.manifestacom.com\/es\/wp-json\/wp\/v2\/posts"}],"about":[{"href":"https:\/\/www.manifestacom.com\/es\/wp-json\/wp\/v2\/types\/post"}],"author":[{"embeddable":true,"href":"https:\/\/www.manifestacom.com\/es\/wp-json\/wp\/v2\/users\/1"}],"replies":[{"embeddable":true,"href":"https:\/\/www.manifestacom.com\/es\/wp-json\/wp\/v2\/comments?post=2299"}],"version-history":[{"count":2,"href":"https:\/\/www.manifestacom.com\/es\/wp-json\/wp\/v2\/posts\/2299\/revisions"}],"predecessor-version":[{"id":2301,"href":"https:\/\/www.manifestacom.com\/es\/wp-json\/wp\/v2\/posts\/2299\/revisions\/2301"}],"wp:featuredmedia":[{"embeddable":true,"href":"https:\/\/www.manifestacom.com\/es\/wp-json\/wp\/v2\/media\/2297"}],"wp:attachment":[{"href":"https:\/\/www.manifestacom.com\/es\/wp-json\/wp\/v2\/media?parent=2299"}],"wp:term":[{"taxonomy":"category","embeddable":true,"href":"https:\/\/www.manifestacom.com\/es\/wp-json\/wp\/v2\/categories?post=2299"},{"taxonomy":"post_tag","embeddable":true,"href":"https:\/\/www.manifestacom.com\/es\/wp-json\/wp\/v2\/tags?post=2299"},{"taxonomy":"home_featured","embeddable":true,"href":"https:\/\/www.manifestacom.com\/es\/wp-json\/wp\/v2\/home_featured?post=2299"}],"curies":[{"name":"wp","href":"https:\/\/api.w.org\/{rel}","templated":true}]}}