{"id":2323,"date":"2018-10-15T11:32:24","date_gmt":"2018-10-15T11:32:24","guid":{"rendered":"http:\/\/www.manifestacom.com\/alleujar-capital-nou-objectiu-comunicacio-turisme-barcelona\/"},"modified":"2019-01-09T11:46:23","modified_gmt":"2019-01-09T11:46:23","slug":"alleujar-capital-nou-objectiu-comunicacio-turisme-barcelona","status":"publish","type":"post","link":"https:\/\/www.manifestacom.com\/es\/alleujar-capital-nou-objectiu-comunicacio-turisme-barcelona\/","title":{"rendered":"Aligerar la capital: el nuevo objetivo de comunicaci\u00f3n de Turisme de Barcelona"},"content":{"rendered":"<p>Reorientar los flujos de turistas y dar prioridad a la sostenibilidad. Son los objetivos principales de la nueva <a href=\"https:\/\/ajuntament.barcelona.cat\/premsa\/2018\/10\/08\/barcelona-dona-el-tret-de-sortida-a-lestrategia-de-marqueting-turistic-de-la-destinacio-barcelona\/\">Estrategia de Marketing Tur\u00edstico del destino Barcelona<\/a> (EMTDB) anunciada por el Ayuntamiento de Barcelona, \u200b\u200bjunto con la C\u00e1mara de Comercio y la Diputaci\u00f3n. Un nuevo plan dise\u00f1ado para \u00aborientar la acci\u00f3n futura de todos los agentes p\u00fablicos y privados que proyectan la imagen de la ciudad\u00bb.<\/p>\n<p>Como ya hemos comentado en anteriores ocasiones en este blog, el debate sobre la saturaci\u00f3n tur\u00edstica y los desequilibrios sociales que se asocian hace tiempo que preocupan a la opini\u00f3n p\u00fablica en Barcelona y en otros destinos tur\u00edsticos de primer nivel.<\/p>\n<p>La nueva estrategia anunciada quiere utilizar las t\u00e9cnicas de comunicaci\u00f3n para tratar de contribuir a solucionar la situaci\u00f3n. Se trata, principalmente, de redirigir una parte significativa de los turistas que llegan a Barcelona hacia otros destinos alrededor de la capital catalana. Es decir, descentralizar el turismo dando visibilidad internacional al resto de la provincia. De esta manera se busca tambi\u00e9n incrementar el atractivo de la ciudad con nuevas propuestas, una estrategia con la que ya hace tiempo que la Diputaci\u00f3n trabaja en trav\u00e9s del programa &#8216;Barcelona es mucho m\u00e1s&#8217;.<\/p>\n<p>La nueva hoja de ruta, que forma parte del Plan Estrat\u00e9gico de Turismo 2020 de Barcelona y est\u00e1 prevista para el primer trimestre de 2019, buscar\u00e1 tambi\u00e9n conseguir \u00abel m\u00e1ximo retorno social y econ\u00f3mico de la actividad\u00bb. As\u00ed lo ha afirmado Turisme de Barcelona, \u200b\u200bel consorcio p\u00fablico-privado integrado por el consistorio y la c\u00e1mara empresarial que liderar\u00e1 la ejecuci\u00f3n del mismo. En los pr\u00f3ximos seis meses se consensuar\u00e1 el nuevo plan con el sector y la sociedad civil. Adem\u00e1s, est\u00e1 previsto que dos adjudicatarias y un consejo asesor acompa\u00f1en la puesta en pr\u00e1ctica del nuevo enfoque.<\/p>\n","protected":false},"excerpt":{"rendered":"<p>Reorientar los flujos de turistas y dar prioridad a la sostenibilidad. Son los objetivos principales de la nueva Estrategia de Marketing Tur\u00edstico del destino Barcelona (EMTDB) anunciada por el Ayuntamiento de Barcelona, \u200b\u200bjunto con la C\u00e1mara de Comercio y la Diputaci\u00f3n. Un nuevo plan dise\u00f1ado&#8230;<\/p>\n","protected":false},"author":1,"featured_media":2319,"comment_status":"open","ping_status":"open","sticky":false,"template":"","format":"standard","meta":{"footnotes":""},"categories":[446],"tags":[543,535,483],"home_featured":[],"class_list":["post-2323","post","type-post","status-publish","format-standard","has-post-thumbnail","hentry","category-la-noticia-i-el-comentari-es","tag-marketing-turistic-es","tag-barcelona-es","tag-turisme-es"],"acf":[],"_links":{"self":[{"href":"https:\/\/www.manifestacom.com\/es\/wp-json\/wp\/v2\/posts\/2323","targetHints":{"allow":["GET"]}}],"collection":[{"href":"https:\/\/www.manifestacom.com\/es\/wp-json\/wp\/v2\/posts"}],"about":[{"href":"https:\/\/www.manifestacom.com\/es\/wp-json\/wp\/v2\/types\/post"}],"author":[{"embeddable":true,"href":"https:\/\/www.manifestacom.com\/es\/wp-json\/wp\/v2\/users\/1"}],"replies":[{"embeddable":true,"href":"https:\/\/www.manifestacom.com\/es\/wp-json\/wp\/v2\/comments?post=2323"}],"version-history":[{"count":2,"href":"https:\/\/www.manifestacom.com\/es\/wp-json\/wp\/v2\/posts\/2323\/revisions"}],"predecessor-version":[{"id":2324,"href":"https:\/\/www.manifestacom.com\/es\/wp-json\/wp\/v2\/posts\/2323\/revisions\/2324"}],"wp:featuredmedia":[{"embeddable":true,"href":"https:\/\/www.manifestacom.com\/es\/wp-json\/wp\/v2\/media\/2319"}],"wp:attachment":[{"href":"https:\/\/www.manifestacom.com\/es\/wp-json\/wp\/v2\/media?parent=2323"}],"wp:term":[{"taxonomy":"category","embeddable":true,"href":"https:\/\/www.manifestacom.com\/es\/wp-json\/wp\/v2\/categories?post=2323"},{"taxonomy":"post_tag","embeddable":true,"href":"https:\/\/www.manifestacom.com\/es\/wp-json\/wp\/v2\/tags?post=2323"},{"taxonomy":"home_featured","embeddable":true,"href":"https:\/\/www.manifestacom.com\/es\/wp-json\/wp\/v2\/home_featured?post=2323"}],"curies":[{"name":"wp","href":"https:\/\/api.w.org\/{rel}","templated":true}]}}