{"id":2390,"date":"2019-04-16T04:26:02","date_gmt":"2019-04-16T04:26:02","guid":{"rendered":"http:\/\/www.manifestacom.com\/viralitat-fake-news-periodisme-marca-distancies\/"},"modified":"2019-04-16T04:35:53","modified_gmt":"2019-04-16T04:35:53","slug":"viralitat-fake-news-periodisme-marca-distancies","status":"publish","type":"post","link":"https:\/\/www.manifestacom.com\/es\/viralitat-fake-news-periodisme-marca-distancies\/","title":{"rendered":"Viralidad y \u2018fake news\u2019: el periodismo marca las distancias"},"content":{"rendered":"<p>La actual crisis de los medios nativos digitales, aquellos de los titulares que enganchan y las listas infinitas, coincide con el aparente \u00e9xito del modelo de los muros de pago en las versiones digitales de los grandes medios de comunicaci\u00f3n tradicionales como el <em>New York Times<\/em> o el <em>Washington Post<\/em>, o el modelo de donaciones del<em> The Guardian<\/em>.<\/p>\n<p>Con las p\u00e1ginas de noticias virales heridas de muerte por los cambios en los algoritmos de gigantes tecnol\u00f3gicos como Facebook o Google, la prensa tradicional recupera terreno en Internet. Los medios de siempre han vuelto a sacar las banderas del periodismo profesional, riguroso, y fiable, el \u00fanico capaz de enfrentarse a la proliferaci\u00f3n de noticias virales falsas que tantos dolores de cabeza est\u00e1 provocando.<\/p>\n<p>A medida que crece la conciencia en la opini\u00f3n p\u00fablica sobre el problema de las conocidas como &#8216;fake news &#8216;, y con los p\u00e1ginas web de contenidos virales en plena crisi, el periodismo se reivindica. El sector est\u00e1 en fase de dar marcha atr\u00e1s y rectificar la tendencia de los \u00faltimos a\u00f1os de regalar contenidos en Internet y dejar que las plataformas de distribuci\u00f3n se llevaran los beneficios.<\/p>\n<p>La amenaza de las noticias falsas ha hecho que en el \u00faltimo a\u00f1o las iniciativas de <em>fact checking<\/em>, es decir, de verificaci\u00f3n de informaciones, dentro y fuera de los medios, broten como hongos despu\u00e9s de la lluvia. A finales del a\u00f1o pasado lleg\u00f3 el <a href=\"https:\/\/www.ami.info\/the-trust-project-mas-transparencia-y-fiabilidad-en-las-noticias.html\">Trust Project<\/a>, al que se han adscrito medios como <em>El Pa\u00eds<\/em> y <em>El Mundo<\/em>, adem\u00e1s de muchas otras cabeceras internacionales. <em>La Vanguardia<\/em>, por ejemplo, ha creado su propio equipo de verificaci\u00f3n, y la agencia de noticias <em>France Press<\/em> acaba de extender su canal <a href=\"https:\/\/factual.afp.com\/\">Factual <\/a>en Espa\u00f1a.<\/p>\n","protected":false},"excerpt":{"rendered":"<p>La actual crisis de los medios nativos digitales, aquellos de los titulares que enganchan y las listas infinitas, coincide con el aparente \u00e9xito del modelo de los muros de pago en las versiones digitales de los grandes medios de comunicaci\u00f3n tradicionales como el New York&#8230;<\/p>\n","protected":false},"author":1,"featured_media":2388,"comment_status":"open","ping_status":"open","sticky":false,"template":"","format":"standard","meta":{"footnotes":""},"categories":[456],"tags":[498,466,467,443,438],"home_featured":[],"class_list":["post-2390","post","type-post","status-publish","format-standard","has-post-thumbnail","hentry","category-el-post-es-2","tag-periodisme-es","tag-fake-news-es","tag-noticies-falses-es","tag-xarxes-socials-es","tag-comunicacio-digital-es"],"acf":[],"_links":{"self":[{"href":"https:\/\/www.manifestacom.com\/es\/wp-json\/wp\/v2\/posts\/2390","targetHints":{"allow":["GET"]}}],"collection":[{"href":"https:\/\/www.manifestacom.com\/es\/wp-json\/wp\/v2\/posts"}],"about":[{"href":"https:\/\/www.manifestacom.com\/es\/wp-json\/wp\/v2\/types\/post"}],"author":[{"embeddable":true,"href":"https:\/\/www.manifestacom.com\/es\/wp-json\/wp\/v2\/users\/1"}],"replies":[{"embeddable":true,"href":"https:\/\/www.manifestacom.com\/es\/wp-json\/wp\/v2\/comments?post=2390"}],"version-history":[{"count":3,"href":"https:\/\/www.manifestacom.com\/es\/wp-json\/wp\/v2\/posts\/2390\/revisions"}],"predecessor-version":[{"id":2393,"href":"https:\/\/www.manifestacom.com\/es\/wp-json\/wp\/v2\/posts\/2390\/revisions\/2393"}],"wp:featuredmedia":[{"embeddable":true,"href":"https:\/\/www.manifestacom.com\/es\/wp-json\/wp\/v2\/media\/2388"}],"wp:attachment":[{"href":"https:\/\/www.manifestacom.com\/es\/wp-json\/wp\/v2\/media?parent=2390"}],"wp:term":[{"taxonomy":"category","embeddable":true,"href":"https:\/\/www.manifestacom.com\/es\/wp-json\/wp\/v2\/categories?post=2390"},{"taxonomy":"post_tag","embeddable":true,"href":"https:\/\/www.manifestacom.com\/es\/wp-json\/wp\/v2\/tags?post=2390"},{"taxonomy":"home_featured","embeddable":true,"href":"https:\/\/www.manifestacom.com\/es\/wp-json\/wp\/v2\/home_featured?post=2390"}],"curies":[{"name":"wp","href":"https:\/\/api.w.org\/{rel}","templated":true}]}}