{"id":2409,"date":"2019-04-23T17:05:59","date_gmt":"2019-04-23T17:05:59","guid":{"rendered":"http:\/\/www.manifestacom.com\/cabify-porta-batalla-vtc-gran-pantalla\/"},"modified":"2019-04-28T17:18:01","modified_gmt":"2019-04-28T17:18:01","slug":"cabify-porta-batalla-vtc-gran-pantalla","status":"publish","type":"post","link":"https:\/\/www.manifestacom.com\/es\/cabify-porta-batalla-vtc-gran-pantalla\/","title":{"rendered":"Cabify lleva la batalla de las VTC en Barcelona a la gran pantalla"},"content":{"rendered":"<p>He aqu\u00ed una mezcla extra\u00f1a de arte cinematogr\u00e1fico, marketing y pol\u00edtica. El <a href=\"http:\/\/www.expansion.com\/empresas\/transporte\/2019\/04\/02\/5ca2714022601d47778b45a1.html\">estreno de &#8216;Boi&#8217;<\/a>, la pel\u00edcula patrocinada por Cabify con un conductor VTC de Barcelona como protagonista, llega tan s\u00f3lo unos d\u00edas despu\u00e9s del desafiante regreso de la empresa a la ciudad.<\/p>\n<p>La opera prima del director Jorge M. Fontana, filmada durante el Mobile World Congress de 2018, se ha presentado como una oportunidad de oro para Cabify en un momento delicado de su relaci\u00f3n tanto con el Gobierno de la Generalitat como con la opini\u00f3n p\u00fablica. Aunque el acuerdo de patrocinio es posterior a la producci\u00f3n del film, Cabify ha encontrado en la gran pantalla la aliada perfecta, una estrategia de promoci\u00f3n poderosa y poco convencional, a medida de la guerra pol\u00edtica y comercial que est\u00e1 librando.<\/p>\n<p>El 1 de febrero, tanto Uber como Cabify decidieron detener sus operaciones en Barcelona, \u200b\u200bdespu\u00e9s de que la Generalitat aprobara un decreto ley que obliga a precontratar los servicios VTC con 15 minutos de antelaci\u00f3n. Portavoces de Cabify denominaron esta decisi\u00f3n pol\u00edtica como una \u00abexpulsi\u00f3n directa\u00bb del mercado, que consideraban injusta.<\/p>\n<p>Poco despu\u00e9s, sin embargo, a principios de abril, Cabify anunci\u00f3 su vuelta a la ciudad, con una f\u00f3rmula de negocio dise\u00f1ada para escapar a la nueva regulaci\u00f3n, una decisi\u00f3n osada por la que ya ha recibido la primera sanci\u00f3n. En este escenario de confrontaci\u00f3n y lucha por el apoyo ciudadano, el estreno de la pel\u00edcula &#8216;Boi&#8217; parece ser la guinda que corona el pastel.<\/p>\n","protected":false},"excerpt":{"rendered":"<p>He aqu\u00ed una mezcla extra\u00f1a de arte cinematogr\u00e1fico, marketing y pol\u00edtica. El estreno de &#8216;Boi&#8217;, la pel\u00edcula patrocinada por Cabify con un conductor VTC de Barcelona como protagonista, llega tan s\u00f3lo unos d\u00edas despu\u00e9s del desafiante regreso de la empresa a la ciudad. La opera&#8230;<\/p>\n","protected":false},"author":1,"featured_media":2413,"comment_status":"open","ping_status":"open","sticky":false,"template":"","format":"standard","meta":{"footnotes":""},"categories":[446],"tags":[566,567,568,526],"home_featured":[],"class_list":["post-2409","post","type-post","status-publish","format-standard","has-post-thumbnail","hentry","category-la-noticia-i-el-comentari-es","tag-vtc-es","tag-taxi-es","tag-marqueting-es","tag-cine"],"acf":[],"_links":{"self":[{"href":"https:\/\/www.manifestacom.com\/es\/wp-json\/wp\/v2\/posts\/2409","targetHints":{"allow":["GET"]}}],"collection":[{"href":"https:\/\/www.manifestacom.com\/es\/wp-json\/wp\/v2\/posts"}],"about":[{"href":"https:\/\/www.manifestacom.com\/es\/wp-json\/wp\/v2\/types\/post"}],"author":[{"embeddable":true,"href":"https:\/\/www.manifestacom.com\/es\/wp-json\/wp\/v2\/users\/1"}],"replies":[{"embeddable":true,"href":"https:\/\/www.manifestacom.com\/es\/wp-json\/wp\/v2\/comments?post=2409"}],"version-history":[{"count":2,"href":"https:\/\/www.manifestacom.com\/es\/wp-json\/wp\/v2\/posts\/2409\/revisions"}],"predecessor-version":[{"id":2411,"href":"https:\/\/www.manifestacom.com\/es\/wp-json\/wp\/v2\/posts\/2409\/revisions\/2411"}],"wp:featuredmedia":[{"embeddable":true,"href":"https:\/\/www.manifestacom.com\/es\/wp-json\/wp\/v2\/media\/2413"}],"wp:attachment":[{"href":"https:\/\/www.manifestacom.com\/es\/wp-json\/wp\/v2\/media?parent=2409"}],"wp:term":[{"taxonomy":"category","embeddable":true,"href":"https:\/\/www.manifestacom.com\/es\/wp-json\/wp\/v2\/categories?post=2409"},{"taxonomy":"post_tag","embeddable":true,"href":"https:\/\/www.manifestacom.com\/es\/wp-json\/wp\/v2\/tags?post=2409"},{"taxonomy":"home_featured","embeddable":true,"href":"https:\/\/www.manifestacom.com\/es\/wp-json\/wp\/v2\/home_featured?post=2409"}],"curies":[{"name":"wp","href":"https:\/\/api.w.org\/{rel}","templated":true}]}}