{"id":2436,"date":"2019-05-17T07:54:46","date_gmt":"2019-05-17T07:54:46","guid":{"rendered":"http:\/\/www.manifestacom.com\/?p=2436\/"},"modified":"2019-06-14T08:42:06","modified_gmt":"2019-06-14T08:42:06","slug":"uberitzar-marques-que-engendren-paraules-donen-forma-mon","status":"publish","type":"post","link":"https:\/\/www.manifestacom.com\/es\/uberitzar-marques-que-engendren-paraules-donen-forma-mon\/","title":{"rendered":"\u201cUberizar\u201d: marcas que engendran palabras y dan forma al mundo"},"content":{"rendered":"<p>San Francisco, mayo de 2010. Una peque\u00f1a <em>start-up<\/em> con una innovadora idea de transporte urbano pone el marcha una aplicaci\u00f3n beta con sus primeros coches. Hoy, la compa\u00f1\u00eda de transporte Uber, valorada en 54.000 millones de d\u00f3lares, est\u00e1 presente en m\u00e1s de 600 ciudades de todo el mundo, y no s\u00f3lo eso, su modelo de negocio, y las transformaciones en las relaciones laborales que ha implicado, han engendrado un neologismo cuya ra\u00edz es la propia marca.<\/p>\n<p>Desde hace ya unos a\u00f1os, expertos y medios de comunicaci\u00f3n utilizan la palabra <em>uberizaci\u00f3n<\/em> como un concepto generalizado, que ha transcendido a la propia compa\u00f1\u00eda que le da nombre, para referirse al proceso de utilizar las nuevas tecnolog\u00edas para poner en contacto un cliente con una persona que ofrece el servicio requerido. Aunque todav\u00eda es pronto para saber si la nueva palabra ha llegado para quedarse o si se trata de una moda temporal, la <a href=\"https:\/\/www.fundeu.es\/recomendacion\/uberizacion-y-uberizar-terminos-validos\/\">Fund\u00e9u <\/a>ya ha reconocido su forma verbal castellana, <em>uberizar<\/em>, y el sustantivo, <em>uberizaci\u00f3n<\/em> .<\/p>\n<p>En pleno debate sobre la legitimidad o no de las nuevas formas de relaciones laborales que han provocado este modelo de negocio, parece que la voz <em>uberizaci\u00f3n<\/em> ha evolucionado hacia un significado m\u00e1s cr\u00edtico, un tipo de \u00ab<a href=\"https:\/\/www.lavanguardia.com\/politica\/20190416\/461696905501\/eurocamara-aprueba-nuevas-obligaciones-laborales-para-plataformas-como-uber.html\">precarizaci\u00f3n del trabajo del siglo XXI<\/a>\u00bb . El lenguaje es poderoso, y el hecho de que se haya nombrado el problema indica que \u00e9ste es visible, y prepara el terreno para la discusi\u00f3n p\u00fablica. Un titular del diario <em>El Pa\u00eds<\/em> del pasado mes de enero, por ejemplo, deja as\u00ed: \u00ab<a href=\"https:\/\/elpais.com\/economia\/2019\/01\/10\/actualidad\/1547136181_053605.html\">La &#8216;uberizaci\u00f3n&#8217; no va a ser dominante en el mercado laboral<\/a>\u00ab.<\/p>\n","protected":false},"excerpt":{"rendered":"<p>San Francisco, mayo de 2010. Una peque\u00f1a start-up con una innovadora idea de transporte urbano pone el marcha una aplicaci\u00f3n beta con sus primeros coches. Hoy, la compa\u00f1\u00eda de transporte Uber, valorada en 54.000 millones de d\u00f3lares, est\u00e1 presente en m\u00e1s de 600 ciudades de&#8230;<\/p>\n","protected":false},"author":1,"featured_media":2434,"comment_status":"open","ping_status":"open","sticky":false,"template":"","format":"standard","meta":{"footnotes":""},"categories":[456],"tags":[581,582,583,584,585],"home_featured":[],"class_list":["post-2436","post","type-post","status-publish","format-standard","has-post-thumbnail","hentry","category-el-post-es-2","tag-digitalitalitzacio-es","tag-dret-laboral-es","tag-precaritzacio-es","tag-uberitzacio-es","tag-uber-es"],"acf":[],"_links":{"self":[{"href":"https:\/\/www.manifestacom.com\/es\/wp-json\/wp\/v2\/posts\/2436","targetHints":{"allow":["GET"]}}],"collection":[{"href":"https:\/\/www.manifestacom.com\/es\/wp-json\/wp\/v2\/posts"}],"about":[{"href":"https:\/\/www.manifestacom.com\/es\/wp-json\/wp\/v2\/types\/post"}],"author":[{"embeddable":true,"href":"https:\/\/www.manifestacom.com\/es\/wp-json\/wp\/v2\/users\/1"}],"replies":[{"embeddable":true,"href":"https:\/\/www.manifestacom.com\/es\/wp-json\/wp\/v2\/comments?post=2436"}],"version-history":[{"count":4,"href":"https:\/\/www.manifestacom.com\/es\/wp-json\/wp\/v2\/posts\/2436\/revisions"}],"predecessor-version":[{"id":2441,"href":"https:\/\/www.manifestacom.com\/es\/wp-json\/wp\/v2\/posts\/2436\/revisions\/2441"}],"wp:featuredmedia":[{"embeddable":true,"href":"https:\/\/www.manifestacom.com\/es\/wp-json\/wp\/v2\/media\/2434"}],"wp:attachment":[{"href":"https:\/\/www.manifestacom.com\/es\/wp-json\/wp\/v2\/media?parent=2436"}],"wp:term":[{"taxonomy":"category","embeddable":true,"href":"https:\/\/www.manifestacom.com\/es\/wp-json\/wp\/v2\/categories?post=2436"},{"taxonomy":"post_tag","embeddable":true,"href":"https:\/\/www.manifestacom.com\/es\/wp-json\/wp\/v2\/tags?post=2436"},{"taxonomy":"home_featured","embeddable":true,"href":"https:\/\/www.manifestacom.com\/es\/wp-json\/wp\/v2\/home_featured?post=2436"}],"curies":[{"name":"wp","href":"https:\/\/api.w.org\/{rel}","templated":true}]}}