{"id":2448,"date":"2019-06-15T08:00:25","date_gmt":"2019-06-15T08:00:25","guid":{"rendered":"http:\/\/www.manifestacom.com\/?p=2448\/"},"modified":"2019-06-14T08:24:19","modified_gmt":"2019-06-14T08:24:19","slug":"lhome-temps-no-estima-5g","status":"publish","type":"post","link":"https:\/\/www.manifestacom.com\/es\/lhome-temps-no-estima-5g\/","title":{"rendered":"El hombre del tiempo no ama el 5G"},"content":{"rendered":"<p><a href=\"https:\/\/www.elperiodico.com\/es\/economia\/20190610\/vodafone-primera-red-comercial-5g-espana-7497325\">Vodafone <\/a>ha anunciado que hoy, 15 de junio, lanzar\u00e1 la primera red comercial 5G en la Espa\u00f1a. Sin embargo, la tecnolog\u00eda insignia de la nueva generaci\u00f3n de telefon\u00eda m\u00f3vil, que se implantar\u00e1 a lo largo del pr\u00f3ximo a\u00f1o, tiene efectos colaterales. Se dice que ser\u00e1 una aut\u00e9ntica <a href=\"https:\/\/www.elperiodico.com\/es\/economia\/20190613\/que-es-5g-para-que-sirve-7502401\">revoluci\u00f3n<\/a>, cuyo impacto va m\u00e1s all\u00e1 de un simple cambio de tecnolog\u00eda. La gran promesa de un <a href=\"http:\/\/www.manifestacom.com\/cirurgia-5g-mwc-mostra-futurs-quirofans-teledirigits\/\">salto cualitativo<\/a> en las conexiones, con transferencia de datos hasta 10 veces m\u00e1s r\u00e1pidas que las actuales, est\u00e1 provocando tambi\u00e9n muchos dolores de cabeza.<\/p>\n<p>No s\u00f3lo supone un importante aumento del consumo de energ\u00eda (y de las emisiones contaminantes), sino que tambi\u00e9n dificulta las operaciones de otros sectores. Por ejemplo, interfiere los sat\u00e9lites de observaci\u00f3n meteorol\u00f3gica y reduce el espectro actualmente utilizado por la Televisi\u00f3n Digital Terrestre (TDT).<\/p>\n<h3>El cicl\u00f3n 5G hace peligrar la predicci\u00f3n del tiempo<\/h3>\n<p>Una reciente investigaci\u00f3n de la prestigiosa revista cient\u00edfica <a href=\"https:\/\/www.nature.com\/articles\/d41586-019-01305-4\">Nature <\/a>se\u00f1ala que los dispositivos conectados con tecnolog\u00eda 5G interferir\u00e1n significativamente los sat\u00e9lites de observaci\u00f3n, fundamentales para la predicci\u00f3n del tiempo.<\/p>\n<p>En Estados Unidos ya ha comenzado la adjudicaci\u00f3n de bandas entre los 24.25 y los 25.25 gigahercios (Ghz). La publicaci\u00f3n de <em>Nature<\/em> advierte que los dispositivos que utilizan la banda m\u00e1s cercana a los 23.8 Ghz (la que utilizan los medidores meteorol\u00f3gicos que monitorizan la concentraci\u00f3n de vapor de agua en la atm\u00f3sfera) impedir\u00e1n la elaboraci\u00f3n de pron\u00f3sticos del tiempo fiables.<\/p>\n<p>El Centro Europeo para Predicciones Meteorol\u00f3gicas de Rango Medio se ha alineado con las reclamaciones de la Administraci\u00f3n Nacional Oce\u00e1nica y Atmosf\u00e9rica de Estados Unidos (NOAA, siglas en ingl\u00e9s) y la Agencia Espacial Norteamericana (NASA). Las tres instituciones han pedido a la Comisi\u00f3n Federal de Comunicaciones (FCC) que colabore para encontrar una soluci\u00f3n a este problema, que afectar\u00e1 a todas las agencias meteorol\u00f3gicas que se alimentan de los datos americanos.<\/p>\n<h3>5G contra la TDT<\/h3>\n<p>La implantaci\u00f3n de la tecnolog\u00eda 5G tambi\u00e9n afectar\u00e1 las operaciones de la TDT, ya que \u00e9sta deber\u00e1 liberar la banda la banda de 700 megahercios, necesaria para llevar la cobertura del 5G hasta los territorios m\u00e1s remotos.<\/p>\n<p>La Comisi\u00f3n Nacional de los Mercados y la Competencia (CNMC) ya ha advertido que esto supondr\u00e1 una p\u00e9rdida de hasta el 30% del espectro que actualmente utiliza la TDT.<\/p>\n","protected":false},"excerpt":{"rendered":"<p>Vodafone ha anunciado que hoy, 15 de junio, lanzar\u00e1 la primera red comercial 5G en la Espa\u00f1a. Sin embargo, la tecnolog\u00eda insignia de la nueva generaci\u00f3n de telefon\u00eda m\u00f3vil, que se implantar\u00e1 a lo largo del pr\u00f3ximo a\u00f1o, tiene efectos colaterales. Se dice que ser\u00e1&#8230;<\/p>\n","protected":false},"author":1,"featured_media":2446,"comment_status":"open","ping_status":"open","sticky":false,"template":"","format":"standard","meta":{"footnotes":""},"categories":[446],"tags":[554,284,110,66],"home_featured":[],"class_list":["post-2448","post","type-post","status-publish","format-standard","has-post-thumbnail","hentry","category-la-noticia-i-el-comentari-es","tag-5g","tag-smartphones","tag-tecnologia","tag-comunicacio"],"acf":[],"_links":{"self":[{"href":"https:\/\/www.manifestacom.com\/es\/wp-json\/wp\/v2\/posts\/2448","targetHints":{"allow":["GET"]}}],"collection":[{"href":"https:\/\/www.manifestacom.com\/es\/wp-json\/wp\/v2\/posts"}],"about":[{"href":"https:\/\/www.manifestacom.com\/es\/wp-json\/wp\/v2\/types\/post"}],"author":[{"embeddable":true,"href":"https:\/\/www.manifestacom.com\/es\/wp-json\/wp\/v2\/users\/1"}],"replies":[{"embeddable":true,"href":"https:\/\/www.manifestacom.com\/es\/wp-json\/wp\/v2\/comments?post=2448"}],"version-history":[{"count":2,"href":"https:\/\/www.manifestacom.com\/es\/wp-json\/wp\/v2\/posts\/2448\/revisions"}],"predecessor-version":[{"id":2451,"href":"https:\/\/www.manifestacom.com\/es\/wp-json\/wp\/v2\/posts\/2448\/revisions\/2451"}],"wp:featuredmedia":[{"embeddable":true,"href":"https:\/\/www.manifestacom.com\/es\/wp-json\/wp\/v2\/media\/2446"}],"wp:attachment":[{"href":"https:\/\/www.manifestacom.com\/es\/wp-json\/wp\/v2\/media?parent=2448"}],"wp:term":[{"taxonomy":"category","embeddable":true,"href":"https:\/\/www.manifestacom.com\/es\/wp-json\/wp\/v2\/categories?post=2448"},{"taxonomy":"post_tag","embeddable":true,"href":"https:\/\/www.manifestacom.com\/es\/wp-json\/wp\/v2\/tags?post=2448"},{"taxonomy":"home_featured","embeddable":true,"href":"https:\/\/www.manifestacom.com\/es\/wp-json\/wp\/v2\/home_featured?post=2448"}],"curies":[{"name":"wp","href":"https:\/\/api.w.org\/{rel}","templated":true}]}}