{"id":2525,"date":"2019-09-02T09:08:36","date_gmt":"2019-09-02T09:08:36","guid":{"rendered":"http:\/\/www.manifestacom.com\/vanstories-noticies-capsula\/"},"modified":"2019-09-19T09:30:24","modified_gmt":"2019-09-19T09:30:24","slug":"vanstories-noticies-capsula","status":"publish","type":"post","link":"https:\/\/www.manifestacom.com\/es\/vanstories-noticies-capsula\/","title":{"rendered":"Vanstories: noticias en una c\u00e1psula"},"content":{"rendered":"<p>Cada vez se leen m\u00e1s noticias con el m\u00f3vil y a trav\u00e9s de redes sociales, y cada vez los contenidos se adaptan m\u00e1s a estos nuevos \u00e1mbitos de la esfera p\u00fablica: actualidad en una c\u00e1psula, condensada, simbolizada y r\u00e1pida.<\/p>\n<p>Los medios de comunicaci\u00f3n tratan de ponerse al d\u00eda y mantener el ritmo, cada vez m\u00e1s veloz, del cambio en las plataformas digitales del momento. Como La Vanguardia, que, con el apoyo de Google, ha lanzado este verano Vanstories, una aplicaci\u00f3n para contar noticias en un innovador formato dirigido a los j\u00f3venes <em>millenials<\/em> y a la llamada Generaci\u00f3n Z, la nacida hacia mitad de los 90, cuando apenas empezaba a generalizarse el uso de Internet.<\/p>\n<p>Del mismo modo que estas generaciones no consumen los productos de la industria del entretenimiento como lo hac\u00edan las anteriores, tampoco consumen la informaci\u00f3n en los formatos cl\u00e1sicos. Por ello, entre otras cosas, a las Vanstories, inspirada en el formato &#8216;stories&#8217; popularizado por Instagram y extendido a Facebook, s\u00f3lo se puede acceder con el m\u00f3vil.<\/p>\n<p>Se trata de un nuevo tipo de experiencia informativa a base de im\u00e1genes acompa\u00f1adas de un breve texto. \u00abSi el usuario desea consumir m\u00e1s informaci\u00f3n, puede deslizar el dedo hacia la derecha y si no le interesa, puede deslizar el dedo hacia abajo en busca de una nueva historia\u00bb, explica La Vanguardia.<\/p>\n","protected":false},"excerpt":{"rendered":"<p>Cada vez se leen m\u00e1s noticias con el m\u00f3vil y a trav\u00e9s de redes sociales, y cada vez los contenidos se adaptan m\u00e1s a estos nuevos \u00e1mbitos de la esfera p\u00fablica: actualidad en una c\u00e1psula, condensada, simbolizada y r\u00e1pida. Los medios de comunicaci\u00f3n tratan de&#8230;<\/p>\n","protected":false},"author":1,"featured_media":2523,"comment_status":"open","ping_status":"open","sticky":false,"template":"","format":"standard","meta":{"footnotes":""},"categories":[446],"tags":[591,592,593],"home_featured":[],"class_list":["post-2525","post","type-post","status-publish","format-standard","has-post-thumbnail","hentry","category-la-noticia-i-el-comentari-es","tag-informacio-es","tag-mitjans-de-comunicacio-es","tag-noticies-es"],"acf":[],"_links":{"self":[{"href":"https:\/\/www.manifestacom.com\/es\/wp-json\/wp\/v2\/posts\/2525","targetHints":{"allow":["GET"]}}],"collection":[{"href":"https:\/\/www.manifestacom.com\/es\/wp-json\/wp\/v2\/posts"}],"about":[{"href":"https:\/\/www.manifestacom.com\/es\/wp-json\/wp\/v2\/types\/post"}],"author":[{"embeddable":true,"href":"https:\/\/www.manifestacom.com\/es\/wp-json\/wp\/v2\/users\/1"}],"replies":[{"embeddable":true,"href":"https:\/\/www.manifestacom.com\/es\/wp-json\/wp\/v2\/comments?post=2525"}],"version-history":[{"count":3,"href":"https:\/\/www.manifestacom.com\/es\/wp-json\/wp\/v2\/posts\/2525\/revisions"}],"predecessor-version":[{"id":2528,"href":"https:\/\/www.manifestacom.com\/es\/wp-json\/wp\/v2\/posts\/2525\/revisions\/2528"}],"wp:featuredmedia":[{"embeddable":true,"href":"https:\/\/www.manifestacom.com\/es\/wp-json\/wp\/v2\/media\/2523"}],"wp:attachment":[{"href":"https:\/\/www.manifestacom.com\/es\/wp-json\/wp\/v2\/media?parent=2525"}],"wp:term":[{"taxonomy":"category","embeddable":true,"href":"https:\/\/www.manifestacom.com\/es\/wp-json\/wp\/v2\/categories?post=2525"},{"taxonomy":"post_tag","embeddable":true,"href":"https:\/\/www.manifestacom.com\/es\/wp-json\/wp\/v2\/tags?post=2525"},{"taxonomy":"home_featured","embeddable":true,"href":"https:\/\/www.manifestacom.com\/es\/wp-json\/wp\/v2\/home_featured?post=2525"}],"curies":[{"name":"wp","href":"https:\/\/api.w.org\/{rel}","templated":true}]}}