{"id":2625,"date":"2020-12-16T16:03:05","date_gmt":"2020-12-16T16:03:05","guid":{"rendered":"http:\/\/www.manifestacom.com\/?p=2625\/"},"modified":"2022-06-15T11:46:38","modified_gmt":"2022-06-15T11:46:38","slug":"ojo-y-navaja-ingrid-guardiola","status":"publish","type":"post","link":"https:\/\/www.manifestacom.com\/es\/ojo-y-navaja-ingrid-guardiola\/","title":{"rendered":"\u00abEl ojo y la navaja\u00bb de \u00cdngrid Guardiola"},"content":{"rendered":"<p><a href=\"https:\/\/www.abacus.coop\/ca\/ojo-y-la-navaja-el\/1289547.51.html\">Este es el t\u00edtulo<\/a> del ensayo de la productora, investigadora y realizadora audiovisual gerundense sobre el mundo actual como una interfaz virtual, donde la interferencia entre las im\u00e1genes que aparecen a las pantallas y las que vivimos se entremezclan para componer las narrativas de nuestra realidad.<\/p>\n<p>Como el exceso de impactos visuales se traducen en una carencia, en desafecci\u00f3n, o condicionan la celeridad con que los mensajes falsos circulan por las redes. Como en internet se mezcla la informaci\u00f3n y la propaganda en un mismo recipiente contribuyendo a la diseminaci\u00f3n indiscriminada de incertidumbre bajo una apariencia de certeza. C\u00f3mo quiebra la hegemon\u00eda del directo televisivo ante la multiplicidad de directos simult\u00e1neos que compiten en las redes sociales. Como cualquier gesto que basura es captado por las pantallas e interpretado por la tecnolog\u00eda para atribuirnos unos rasgos, unos gustos o unos intereses.<\/p>\n<p>Como concepto, como la misma \u00cdngrid Guardiola dice, <em>\u00ablo m\u00e1s revolucionario que podemos hacer hoy es reapropiarnos de nuestro tiempo<\/em>\u00ab.<\/p>\n","protected":false},"excerpt":{"rendered":"<p>Este es el t\u00edtulo del ensayo de la productora, investigadora y realizadora audiovisual gerundense sobre el mundo actual como una interfaz virtual, donde la interferencia entre las im\u00e1genes que aparecen a las pantallas y las que vivimos se entremezclan para componer las narrativas de nuestra&#8230;<\/p>\n","protected":false},"author":1,"featured_media":2623,"comment_status":"open","ping_status":"open","sticky":false,"template":"","format":"standard","meta":{"footnotes":""},"categories":[32],"tags":[610,611,609],"home_featured":[],"class_list":["post-2625","post","type-post","status-publish","format-standard","has-post-thumbnail","hentry","category-manifesta-recomienda","tag-ingrid-guardiola-es","tag-lull-i-la-navalla-es","tag-lull-i-la-navalla"],"acf":[],"_links":{"self":[{"href":"https:\/\/www.manifestacom.com\/es\/wp-json\/wp\/v2\/posts\/2625","targetHints":{"allow":["GET"]}}],"collection":[{"href":"https:\/\/www.manifestacom.com\/es\/wp-json\/wp\/v2\/posts"}],"about":[{"href":"https:\/\/www.manifestacom.com\/es\/wp-json\/wp\/v2\/types\/post"}],"author":[{"embeddable":true,"href":"https:\/\/www.manifestacom.com\/es\/wp-json\/wp\/v2\/users\/1"}],"replies":[{"embeddable":true,"href":"https:\/\/www.manifestacom.com\/es\/wp-json\/wp\/v2\/comments?post=2625"}],"version-history":[{"count":3,"href":"https:\/\/www.manifestacom.com\/es\/wp-json\/wp\/v2\/posts\/2625\/revisions"}],"predecessor-version":[{"id":2630,"href":"https:\/\/www.manifestacom.com\/es\/wp-json\/wp\/v2\/posts\/2625\/revisions\/2630"}],"wp:featuredmedia":[{"embeddable":true,"href":"https:\/\/www.manifestacom.com\/es\/wp-json\/wp\/v2\/media\/2623"}],"wp:attachment":[{"href":"https:\/\/www.manifestacom.com\/es\/wp-json\/wp\/v2\/media?parent=2625"}],"wp:term":[{"taxonomy":"category","embeddable":true,"href":"https:\/\/www.manifestacom.com\/es\/wp-json\/wp\/v2\/categories?post=2625"},{"taxonomy":"post_tag","embeddable":true,"href":"https:\/\/www.manifestacom.com\/es\/wp-json\/wp\/v2\/tags?post=2625"},{"taxonomy":"home_featured","embeddable":true,"href":"https:\/\/www.manifestacom.com\/es\/wp-json\/wp\/v2\/home_featured?post=2625"}],"curies":[{"name":"wp","href":"https:\/\/api.w.org\/{rel}","templated":true}]}}