{"id":2784,"date":"2022-06-15T11:48:07","date_gmt":"2022-06-15T11:48:07","guid":{"rendered":"http:\/\/www.manifestacom.com\/?p=2784\/"},"modified":"2023-02-07T19:37:08","modified_gmt":"2023-02-07T19:37:08","slug":"marguerite-duras-fuerza-creativa-compromiso","status":"publish","type":"post","link":"https:\/\/www.manifestacom.com\/es\/marguerite-duras-fuerza-creativa-compromiso\/","title":{"rendered":"Marguerite Duras, la fuerza creativa del compromiso"},"content":{"rendered":"<p>El Palacio de la Virreina en Barcelona, hasta el dos de octubre, <a href=\"https:\/\/ajuntament.barcelona.cat\/lavirreina\/es\/Marguerite-Duras\">propone<\/a> una aproximaci\u00f3n a la figura de la escritora y cineasta francesa Marguerite Duras (1914 &#8211; 1996), una de las mujeres europeas m\u00e1s influyentes de la segunda mitad del siglo XX y que contin\u00faa siendo considerada hoy una creadora de culto.<\/p>\n<p>A partir de 9 esos tem\u00e1ticos, la exposici\u00f3n nos acerca a las experiencias vitales de *Duras a trav\u00e9s de su producci\u00f3n audiovisual: lo mi colonial en Indochina desde la privilegiada otea de una adolescente blanca; la experiencia dur\u00edsima en la resistencia francesa durante la ocupaci\u00f3n nazi; la disidencia antigaullista; el mayo del sesenta y ocho y el feminismo franc\u00e9s de los 70; la escritura como herramienta de expresi\u00f3n; etc.<\/p>\n<p>Un recorrido diferente e intenso por la vida de esta mujer esencial en la construcci\u00f3n del pensamiento contempor\u00e1neo europeo de hoy.<\/p>\n","protected":false},"excerpt":{"rendered":"<p>El Palacio de la Virreina en Barcelona, hasta el dos de octubre, propone una aproximaci\u00f3n a la figura de la escritora y cineasta francesa Marguerite Duras (1914 &#8211; 1996), una de las mujeres europeas m\u00e1s influyentes de la segunda mitad del siglo XX y que&#8230;<\/p>\n","protected":false},"author":1,"featured_media":2782,"comment_status":"open","ping_status":"open","sticky":false,"template":"","format":"standard","meta":{"footnotes":""},"categories":[32],"tags":[],"home_featured":[],"class_list":["post-2784","post","type-post","status-publish","format-standard","has-post-thumbnail","hentry","category-manifesta-recomienda"],"acf":[],"_links":{"self":[{"href":"https:\/\/www.manifestacom.com\/es\/wp-json\/wp\/v2\/posts\/2784","targetHints":{"allow":["GET"]}}],"collection":[{"href":"https:\/\/www.manifestacom.com\/es\/wp-json\/wp\/v2\/posts"}],"about":[{"href":"https:\/\/www.manifestacom.com\/es\/wp-json\/wp\/v2\/types\/post"}],"author":[{"embeddable":true,"href":"https:\/\/www.manifestacom.com\/es\/wp-json\/wp\/v2\/users\/1"}],"replies":[{"embeddable":true,"href":"https:\/\/www.manifestacom.com\/es\/wp-json\/wp\/v2\/comments?post=2784"}],"version-history":[{"count":1,"href":"https:\/\/www.manifestacom.com\/es\/wp-json\/wp\/v2\/posts\/2784\/revisions"}],"predecessor-version":[{"id":2785,"href":"https:\/\/www.manifestacom.com\/es\/wp-json\/wp\/v2\/posts\/2784\/revisions\/2785"}],"wp:featuredmedia":[{"embeddable":true,"href":"https:\/\/www.manifestacom.com\/es\/wp-json\/wp\/v2\/media\/2782"}],"wp:attachment":[{"href":"https:\/\/www.manifestacom.com\/es\/wp-json\/wp\/v2\/media?parent=2784"}],"wp:term":[{"taxonomy":"category","embeddable":true,"href":"https:\/\/www.manifestacom.com\/es\/wp-json\/wp\/v2\/categories?post=2784"},{"taxonomy":"post_tag","embeddable":true,"href":"https:\/\/www.manifestacom.com\/es\/wp-json\/wp\/v2\/tags?post=2784"},{"taxonomy":"home_featured","embeddable":true,"href":"https:\/\/www.manifestacom.com\/es\/wp-json\/wp\/v2\/home_featured?post=2784"}],"curies":[{"name":"wp","href":"https:\/\/api.w.org\/{rel}","templated":true}]}}