{"id":2857,"date":"2023-05-29T16:50:54","date_gmt":"2023-05-29T16:50:54","guid":{"rendered":"http:\/\/www.manifestacom.com\/eleccions-mitja-dotzena-dimpressions\/"},"modified":"2025-04-01T15:19:26","modified_gmt":"2025-04-01T15:19:26","slug":"eleccions-mitja-dotzena-dimpressions","status":"publish","type":"post","link":"https:\/\/www.manifestacom.com\/es\/eleccions-mitja-dotzena-dimpressions\/","title":{"rendered":"Eleccions municipals, mitja dotzena d\u2019impressions"},"content":{"rendered":"<ol>\n<li>Cal felicitar Xavier Trias: malgrat l\u2019edat, alguns errors comesos durant la campanya, un bon grapat d\u2019enquestes o les amistats perilloses dins el seu propi partit, entre altres, Xavier Trias ha tombat Ada Colau i el seu model. No \u00e9s menor. Dit aix\u00f2, i d&#8217;acord amb la difer\u00e8ncia de regidors, la seva vict\u00f2ria ha estat justeta. No s\u2019ha produ\u00eft un tsunami Trias. Molts votants de Junts s\u2019han quedat a casa. A altres, no els agrada el discurs i\u00a0l\u2019escepticisme de Trias en mat\u00e8ria ambiental, tur\u00edstica o urban\u00edstica. Els temps han canviat i s\u00f3n excepcionals, per la seva gravetat, en molts temes. Cal revisar el discurs en alguns assumptes o l\u2019alegria poc durar poc.<\/li>\n<li>ERC: Houston tenim un problema. Malgrat ser un dels pocs candidats que ha fet propostes concretes, tenir un discurs d\u2019un nivell intel\u00b7lectual i social for\u00e7a exigent i ser una de les persones que probablement millor coneix la ciutat, aix\u00ed com els engranatges de la Casa Gran, Ernest Maragall i, atenci\u00f3, Gabriel Rufian a Sta. Coloma, han obtingut uns resultats decebedors. Ambd\u00f3s candidats han pagat per molt diverses circumst\u00e0ncies, per\u00f2 el canvi de vot que han fet molts dels seus electors des de les \u00faltimes municipals els obliga a pensar. I molt. En aquest cas, no n\u2019hi ha prou amb revisar el discurs. Cal abordar, i probablement reorientar, l&#8217;enfocament estrat\u00e8gic.<\/li>\n<li>L\u2019estrat\u00e8gia Illa funciona. El PSC ha estat el gran guanyador d\u2019aquestes eleccions a Catalunya. Per un sol regidor a BCN, el seu \u00e8xit no ha estat total. El discurs del sentit com\u00fa, de la moderaci\u00f3 en les formes i en el fons, del sempre ens hi trobaran per fer avan\u00e7ar les ciutats i el pa\u00eds, l\u2019estil \u201chome tranquil\u201d de Salvador Illa, i tamb\u00e9 de Jaume Collboni en aquestes eleccions, ha tingut recompensa. I molt bona.\u00a0Amics consultors i estrategs de la resta de partits clau a BCN i CAT, preneu nota. De totes maneres, que el PSC no s\u2019equivoqui, si renuncia a la seva catalanitat, al seu accent diferencial dins d\u2019un partit monol\u00edtic i centralista, l\u2019\u00e8xit a Catalunya ser\u00e0 passatger. Si no contribueix de forma decidida a facilitar \u201cl\u2019encaix\u201d el c\u00e0stig tornar\u00e0.<\/li>\n<li>Ciutadans s\u2019ha enfonsat definitivament en la seva pr\u00f2pia mis\u00e8ria \u00e8tica, intel\u00b7lectual i discursiva. A un partit que va n\u00e9ixer per anar a la contra, per dividir, per la seva contribuci\u00f3 decisiva en convertir el Parlament de Catalunya en una taverna, per normalitzar i desinhibir el relat de l\u2019extrema dreta a Catalunya i Espanya, etc., li havia d\u2019arribar el seu Sant Mart\u00ed. El mal que ha fet, per\u00f2, a la conviv\u00e8ncia, a l\u2019equilibri, a l\u2019estil \u00aboasi catal\u00e0\u00bb \u00e9s, probablement, irreparable.<\/li>\n<li>Malgrat el tsunami Albiol \u2500aquest s\u00ed ho ha estat a Badalona\u2500, l\u2019\u00e8xit a Castelldefels o el de 2 a 4 a Barcelona, el Partit Popular continua sent un partit residual, secundari, a Catalunya. L\u2019\u00e8xit a l\u2019Estat Espanyol del partit d\u2019Ayuso (s\u00ed, no de Feij\u00f3o) no ha de dissimular el que segueix sent un fet. A la vista de la deriva del seu discurs des de fa temps, esperem que ho continu\u00ef sent per molt temps.<\/li>\n<li>El diumenge va ser un dia trist, molt trist i extremadament preocupant, per a qualsevol persona que es consideri progressista o fins i tot de centre a Catalunya i Espanya.\u00a0L\u2019estil i el discurs Rodr\u00edguez&amp;Ayuso agrada, ven, a Espanya. I aix\u00f2 \u00e9s un greu problema des de tots els punts de vista: de la conviv\u00e8ncia, de l\u2019ambiental, de la desigualtat, de l\u2019econ\u00f2mic, de l\u2019est\u00e8tic i, per sobre de tot, del cultural. Que una persona amb el seu to xulesc, agre, desafiador (no us perdeu el posat del seu <em>speech<\/em>\u00a0la nit del diumenge, al costat dels altres dos intel\u00b7lectuals populars) tingui opcions\u00a0 de ser la primera presidenta d\u2019Espanya, diu molt sobre el pa\u00eds en qu\u00e8 ens ha tocat viure. Un servidor no t\u00e9 paraules, no exagero, per traslladar l\u2019estat d\u2019inquietud, preocupaci\u00f3, decepci\u00f3 i impot\u00e8ncia que em genera. Venen corbes, temps desagradables per a Catalunya. Cap sorpresa.<\/li>\n<\/ol>\n","protected":false},"excerpt":{"rendered":"<p>Cal felicitar Xavier Trias: malgrat l\u2019edat, alguns errors comesos durant la campanya, un bon grapat d\u2019enquestes o les amistats perilloses dins el seu propi partit, entre altres, Xavier Trias ha tombat Ada Colau i el seu model. No \u00e9s menor. Dit aix\u00f2, i d&#8217;acord amb&#8230;<\/p>\n","protected":false},"author":1,"featured_media":2843,"comment_status":"open","ping_status":"open","sticky":false,"template":"","format":"standard","meta":{"footnotes":""},"categories":[456],"tags":[],"home_featured":[],"class_list":["post-2857","post","type-post","status-publish","format-standard","has-post-thumbnail","hentry","category-el-post-es-2"],"acf":[],"_links":{"self":[{"href":"https:\/\/www.manifestacom.com\/es\/wp-json\/wp\/v2\/posts\/2857","targetHints":{"allow":["GET"]}}],"collection":[{"href":"https:\/\/www.manifestacom.com\/es\/wp-json\/wp\/v2\/posts"}],"about":[{"href":"https:\/\/www.manifestacom.com\/es\/wp-json\/wp\/v2\/types\/post"}],"author":[{"embeddable":true,"href":"https:\/\/www.manifestacom.com\/es\/wp-json\/wp\/v2\/users\/1"}],"replies":[{"embeddable":true,"href":"https:\/\/www.manifestacom.com\/es\/wp-json\/wp\/v2\/comments?post=2857"}],"version-history":[{"count":1,"href":"https:\/\/www.manifestacom.com\/es\/wp-json\/wp\/v2\/posts\/2857\/revisions"}],"predecessor-version":[{"id":2931,"href":"https:\/\/www.manifestacom.com\/es\/wp-json\/wp\/v2\/posts\/2857\/revisions\/2931"}],"wp:featuredmedia":[{"embeddable":true,"href":"https:\/\/www.manifestacom.com\/es\/wp-json\/wp\/v2\/media\/2843"}],"wp:attachment":[{"href":"https:\/\/www.manifestacom.com\/es\/wp-json\/wp\/v2\/media?parent=2857"}],"wp:term":[{"taxonomy":"category","embeddable":true,"href":"https:\/\/www.manifestacom.com\/es\/wp-json\/wp\/v2\/categories?post=2857"},{"taxonomy":"post_tag","embeddable":true,"href":"https:\/\/www.manifestacom.com\/es\/wp-json\/wp\/v2\/tags?post=2857"},{"taxonomy":"home_featured","embeddable":true,"href":"https:\/\/www.manifestacom.com\/es\/wp-json\/wp\/v2\/home_featured?post=2857"}],"curies":[{"name":"wp","href":"https:\/\/api.w.org\/{rel}","templated":true}]}}